{"id":141573,"date":"2024-03-15T08:43:25","date_gmt":"2024-03-15T11:43:25","guid":{"rendered":"https:\/\/senoticias.com.br\/se\/?p=141573"},"modified":"2024-03-15T11:22:52","modified_gmt":"2024-03-15T14:22:52","slug":"tres-mulheres-sao-presas-apos-conclusao-de-inquerito-pela-2a-dm","status":"publish","type":"post","link":"https:\/\/senoticias.com.br\/se\/tres-mulheres-sao-presas-apos-conclusao-de-inquerito-pela-2a-dm\/","title":{"rendered":"Pol\u00edcia prende mulheres trans que se envolveram em espancamento e roubo no Centro de Aracaju"},"content":{"rendered":"\n<p>Investigadores da 2\u00aa Delegacia Metropolitana (2\u00aa DM) cumpriram mandados de pris\u00e3o contra tr\u00eas mulheres trans investigadas por crimes praticados no Centro de Aracaju. As investiga\u00e7\u00f5es come\u00e7aram em janeiro deste ano, depois de agress\u00f5es sofridas por um motorista na regi\u00e3o central da capital.<\/p>\n\n\n\n<p>As pris\u00f5es preventivas foram solicitadas pela autoridade policial e apreciadas pelo Minist\u00e9rio P\u00fablico e Poder Judici\u00e1rio.<\/p>\n\n\n\n<figure class=\"wp-block-image size-large\"><img loading=\"lazy\" decoding=\"async\" width=\"550\" height=\"408\" src=\"https:\/\/senoticias.com.br\/se\/wp-content\/uploads\/2024\/03\/Mulheres-trans-SE-noticias.jpg\" alt=\"\" class=\"wp-image-141583\" srcset=\"https:\/\/senoticias.com.br\/se\/wp-content\/uploads\/2024\/03\/Mulheres-trans-SE-noticias.jpg 550w, https:\/\/senoticias.com.br\/se\/wp-content\/uploads\/2024\/03\/Mulheres-trans-SE-noticias-300x223.jpg 300w\" sizes=\"(max-width: 550px) 100vw, 550px\" \/><figcaption>Pol\u00edcia prende mulheres trans que se envolveram em espancamento e roubo no Centro de Aracaju &#8211; Foto: Redes Sociais<\/figcaption><\/figure>\n\n\n\n<p>Segundo o delegado Andr\u00e9 David, foram ouvidas v\u00e1rias v\u00edtimas de a\u00e7\u00f5es criminosas cometidas pelas investigadas no Centro da cidade, em muitos casos com agress\u00f5es seguidas de roubos.<\/p>\n\n\n\n<p>Os mandados de pris\u00e3o foram autorizados nesta quinta-feira (14) pelo Poder Judici\u00e1rio e cumpridos logo depois por investigadores da 2\u00aa DM.<\/p>\n\n\n\n<p>As tr\u00eas j\u00e1 est\u00e3o \u00e0 disposi\u00e7\u00e3o do Poder Judici\u00e1rio e o inqu\u00e9rito est\u00e1 conclu\u00eddo. \u201cO trabalho foi muito criterioso, de forma imparcial, tivemos uma an\u00e1lise pr\u00e9via do Minist\u00e9rio P\u00fablico que emitiu o parecer favor\u00e1vel, e o juiz concordou tanto com nosso indiciamento como com o parecer do MP. Tudo foi feito de forma legal\u201d, refor\u00e7ou o delegado Andr\u00e9 David.<\/p>\n\n\n\n<p>Durante as investiga\u00e7\u00f5es, mais cinco v\u00edtimas procuraram a pol\u00edcia e registraram boletins de ocorr\u00eancia pelos crimes praticados.<\/p>\n\n\n\n<p><strong><em><strong><em>Acompanhe tamb\u00e9m o SE Not\u00edcias no&nbsp;<a rel=\"noreferrer noopener\" href=\"https:\/\/twitter.com\/Senoticias\" target=\"_blank\">Twitter<\/a>,&nbsp;<a rel=\"noreferrer noopener\" href=\"https:\/\/www.facebook.com\/senoticias1\" target=\"_blank\">Facebook<\/a>&nbsp;e no&nbsp;<a rel=\"noreferrer noopener\" href=\"https:\/\/www.instagram.com\/senoticias\/\" target=\"_blank\">Instagram<\/a><\/em><\/strong><\/em><\/strong><\/p>\n\n\n\n<p>Fonte: SSPSE<\/p>\n","protected":false},"excerpt":{"rendered":"<p>Investigadores da 2\u00aa Delegacia Metropolitana (2\u00aa DM) cumpriram mandados de pris\u00e3o contra tr\u00eas mulheres trans investigadas por crimes praticados no Centro de Aracaju. As investiga\u00e7\u00f5es come\u00e7aram em janeiro deste ano, depois de agress\u00f5es sofridas por um motorista na regi\u00e3o central da capital. As pris\u00f5es preventivas foram solicitadas pela autoridade policial e apreciadas pelo Minist\u00e9rio P\u00fablico [&hellip;]<\/p>\n","protected":false},"author":6557,"featured_media":0,"comment_status":"closed","ping_status":"closed","sticky":false,"template":"","format":"standard","meta":{"footnotes":""},"categories":[15,7],"tags":[41306],"class_list":{"0":"post-141573","1":"post","2":"type-post","3":"status-publish","4":"format-standard","6":"category-destaques","7":"category-policia","8":"tag-segunda-delegacia-metropolitana"},"_links":{"self":[{"href":"https:\/\/senoticias.com.br\/se\/wp-json\/wp\/v2\/posts\/141573"}],"collection":[{"href":"https:\/\/senoticias.com.br\/se\/wp-json\/wp\/v2\/posts"}],"about":[{"href":"https:\/\/senoticias.com.br\/se\/wp-json\/wp\/v2\/types\/post"}],"author":[{"embeddable":true,"href":"https:\/\/senoticias.com.br\/se\/wp-json\/wp\/v2\/users\/6557"}],"replies":[{"embeddable":true,"href":"https:\/\/senoticias.com.br\/se\/wp-json\/wp\/v2\/comments?post=141573"}],"version-history":[{"count":0,"href":"https:\/\/senoticias.com.br\/se\/wp-json\/wp\/v2\/posts\/141573\/revisions"}],"wp:attachment":[{"href":"https:\/\/senoticias.com.br\/se\/wp-json\/wp\/v2\/media?parent=141573"}],"wp:term":[{"taxonomy":"category","embeddable":true,"href":"https:\/\/senoticias.com.br\/se\/wp-json\/wp\/v2\/categories?post=141573"},{"taxonomy":"post_tag","embeddable":true,"href":"https:\/\/senoticias.com.br\/se\/wp-json\/wp\/v2\/tags?post=141573"}],"curies":[{"name":"wp","href":"https:\/\/api.w.org\/{rel}","templated":true}]}}