{"id":141533,"date":"2024-03-13T11:29:04","date_gmt":"2024-03-13T14:29:04","guid":{"rendered":"https:\/\/senoticias.com.br\/se\/?p=141533"},"modified":"2024-03-13T11:38:25","modified_gmt":"2024-03-13T14:38:25","slug":"mais-cinco-membros-de-torcida-organizada-sao-presos-por-confusao-que-provocou-morte-de-torcedor-rival","status":"publish","type":"post","link":"https:\/\/senoticias.com.br\/se\/mais-cinco-membros-de-torcida-organizada-sao-presos-por-confusao-que-provocou-morte-de-torcedor-rival\/","title":{"rendered":"Mais cinco membros de torcida organizada s\u00e3o presos por confus\u00e3o que provocou morte de torcedor rival"},"content":{"rendered":"\n<p><\/p>\n\n\n\n<p>Mais cinco pessoas que integram uma torcida organizada foram presas pelo Departamento de Homic\u00eddios e Prote\u00e7\u00e3o \u00e0 Pessoa (DHPP), na investiga\u00e7\u00e3o sobre a confus\u00e3o que culminou na morte de um torcedor rival, no dia 4 de fevereiro, horas antes do cl\u00e1ssico entre Sergipe e Confian\u00e7a, pelo Campeonato Sergipano. Os mandados de pris\u00e3o preventiva foram cumpridos na ter\u00e7a-feira (12).<\/p>\n\n\n\n<figure class=\"wp-block-image size-large\"><img loading=\"lazy\" decoding=\"async\" width=\"539\" height=\"360\" src=\"https:\/\/senoticias.com.br\/se\/wp-content\/uploads\/2024\/03\/Torcedores-se-noticias.jpg\" alt=\"\" class=\"wp-image-141536\" srcset=\"https:\/\/senoticias.com.br\/se\/wp-content\/uploads\/2024\/03\/Torcedores-se-noticias.jpg 539w, https:\/\/senoticias.com.br\/se\/wp-content\/uploads\/2024\/03\/Torcedores-se-noticias-300x200.jpg 300w, https:\/\/senoticias.com.br\/se\/wp-content\/uploads\/2024\/03\/Torcedores-se-noticias-90x60.jpg 90w, https:\/\/senoticias.com.br\/se\/wp-content\/uploads\/2024\/03\/Torcedores-se-noticias-180x120.jpg 180w, https:\/\/senoticias.com.br\/se\/wp-content\/uploads\/2024\/03\/Torcedores-se-noticias-95x64.jpg 95w\" sizes=\"(max-width: 539px) 100vw, 539px\" \/><figcaption>Ao todo, nove investigados foram detidos preventivamente &#8211; Foto: SSP\/SE<\/figcaption><\/figure>\n\n\n\n<p>No total, nove pessoas j\u00e1 foram presas sob suspeita de terem participado das agress\u00f5es que provocaram a morte de um torcedor e ferimentos em outro, no Terminal do Distrito Industrial de Aracaju.<\/p>\n\n\n\n<p>O torcedor Kaio Vin\u00edcius Alves de Ara\u00fajo, de 24 anos, foi agredido com golpes de barra de ferro, tonel e dois extintores de inc\u00eandio, al\u00e9m de socos e chutes, ficando sem roupas, desacordado e muito lesionado, especialmente no cr\u00e2nio, j\u00e1 que tinha sido golpeado v\u00e1rias vezes e por diversos suspeitos. O homem recebeu socorro m\u00e9dico, mas n\u00e3o resistiu e veio a \u00f3bito na unidade de sa\u00fade.<\/p>\n\n\n\n<p>As investiga\u00e7\u00f5es continuam em andamento e j\u00e1 identificaram 28 envolvidos, dentre eles, quatro adolescentes.De acordo com o DHPP, os homens detidos hoje est\u00e3o diretamente ligados aos atos que resultaram na morte do Kaio, seja com golpes de extintor, barra de ferro, tonel ou mesmo os fortes chutes e socos na cabe\u00e7a e corpo da v\u00edtima.<\/p>\n\n\n\n<p>Cerca de 10 pessoas j\u00e1 foram ouvidas pela Pol\u00edcia Civil e a investiga\u00e7\u00e3o caminha para sua conclus\u00e3o. Os presos ser\u00e3o apresentados na audi\u00eancia de cust\u00f3dia. J\u00e1 a conduta dos menores envolvidos est\u00e1 sob apura\u00e7\u00e3o na Delegacia Especial de Prote\u00e7\u00e3o \u00e0 Crian\u00e7a e ao Adolescente (Depca) .<\/p>\n\n\n\n<p><strong><em><strong><em>Acompanhe tamb\u00e9m o SE Not\u00edcias no\u00a0<a rel=\"noreferrer noopener\" href=\"https:\/\/twitter.com\/Senoticias\" target=\"_blank\">Twitter<\/a>,\u00a0<a rel=\"noreferrer noopener\" href=\"https:\/\/www.facebook.com\/senoticias1\" target=\"_blank\">Facebook<\/a>\u00a0e no\u00a0<a rel=\"noreferrer noopener\" href=\"https:\/\/www.instagram.com\/senoticias\/\" target=\"_blank\">Instagram<\/a><\/em><\/strong><\/em><\/strong><br><br>Fonte: SSP\/SE<\/p>\n","protected":false},"excerpt":{"rendered":"<p>Mais cinco pessoas que integram uma torcida organizada foram presas pelo Departamento de Homic\u00eddios e Prote\u00e7\u00e3o \u00e0 Pessoa (DHPP), na investiga\u00e7\u00e3o sobre a confus\u00e3o que culminou na morte de um torcedor rival, no dia 4 de fevereiro, horas antes do cl\u00e1ssico entre Sergipe e Confian\u00e7a, pelo Campeonato Sergipano. Os mandados de pris\u00e3o preventiva foram cumpridos [&hellip;]<\/p>\n","protected":false},"author":6557,"featured_media":0,"comment_status":"closed","ping_status":"closed","sticky":false,"template":"","format":"standard","meta":{"footnotes":""},"categories":[15,7,1],"tags":[41291,38563],"class_list":{"0":"post-141533","1":"post","2":"type-post","3":"status-publish","4":"format-standard","6":"category-destaques","7":"category-policia","8":"category-sem-categoria","9":"tag-torcedor-rival","10":"tag-torcida-organizada"},"_links":{"self":[{"href":"https:\/\/senoticias.com.br\/se\/wp-json\/wp\/v2\/posts\/141533"}],"collection":[{"href":"https:\/\/senoticias.com.br\/se\/wp-json\/wp\/v2\/posts"}],"about":[{"href":"https:\/\/senoticias.com.br\/se\/wp-json\/wp\/v2\/types\/post"}],"author":[{"embeddable":true,"href":"https:\/\/senoticias.com.br\/se\/wp-json\/wp\/v2\/users\/6557"}],"replies":[{"embeddable":true,"href":"https:\/\/senoticias.com.br\/se\/wp-json\/wp\/v2\/comments?post=141533"}],"version-history":[{"count":0,"href":"https:\/\/senoticias.com.br\/se\/wp-json\/wp\/v2\/posts\/141533\/revisions"}],"wp:attachment":[{"href":"https:\/\/senoticias.com.br\/se\/wp-json\/wp\/v2\/media?parent=141533"}],"wp:term":[{"taxonomy":"category","embeddable":true,"href":"https:\/\/senoticias.com.br\/se\/wp-json\/wp\/v2\/categories?post=141533"},{"taxonomy":"post_tag","embeddable":true,"href":"https:\/\/senoticias.com.br\/se\/wp-json\/wp\/v2\/tags?post=141533"}],"curies":[{"name":"wp","href":"https:\/\/api.w.org\/{rel}","templated":true}]}}