{"id":141530,"date":"2024-03-13T11:18:32","date_gmt":"2024-03-13T14:18:32","guid":{"rendered":"https:\/\/senoticias.com.br\/se\/?p=141530"},"modified":"2024-03-13T19:33:52","modified_gmt":"2024-03-13T22:33:52","slug":"aracaju-tem-um-novo-arcebispo-metropolitano","status":"publish","type":"post","link":"https:\/\/senoticias.com.br\/se\/aracaju-tem-um-novo-arcebispo-metropolitano\/","title":{"rendered":"Aracaju tem um novo arcebispo metropolitano"},"content":{"rendered":"\n<p>Dom Josaf\u00e1 Menezes da Silva, arcebispo da cidade baiana de Vit\u00f3ria da Conquista, foi nomeado pelo Papa Francisco como novo arcebispo metropolitano da Arquidiocese de Aracaju. Confirmado pela Nunciatura Apost\u00f3lica do Brasil. A nomea\u00e7\u00e3o do novo arcebispo ocorre quase nove meses ap\u00f3s a ren\u00fancia de dom Jo\u00e3o Jos\u00e9 Costa, por motivo de sa\u00fade, mais precisamente em 19 de julho de 2023.<\/p>\n\n\n\n<figure class=\"wp-block-image size-large\"><img loading=\"lazy\" decoding=\"async\" width=\"599\" height=\"599\" src=\"https:\/\/senoticias.com.br\/se\/wp-content\/uploads\/2024\/03\/dom-josafa-menezes-da-silva-senoticias-e1710339419897.png\" alt=\"\" class=\"wp-image-141531\"\/><figcaption>Dom Josaf\u00e1 \u00e9 o novo arcebispo metropolitano da Arquidiocese de Aracaju &#8211; Foto: Arquidiocese de Vit\u00f3ria da Conquista<\/figcaption><\/figure>\n\n\n\n<p>O an\u00fancio a nomea\u00e7\u00e3o do religioso foi feito nesta quarta-feira (13), pelo administrador apost\u00f3lico, dom V\u00edtor Agnaldo de Menezes, durante entrevista na Cultura FM (107,5), momento que tamb\u00e9m contou com a participa\u00e7\u00e3o de dom Jos\u00e9 Palmeira Lessa, arcebispo metropolitano, e dom Genivaldo Garcia, bispo diocesano de Est\u00e2ncia e vice-presidente do Regional Nordeste 3 da CNBB.<\/p>\n\n\n\n<p><strong>Quem \u00e9<\/strong><\/p>\n\n\n\n<p>Dom Josaf\u00e1, cujo lema episcopal \u00e9 \u201cPraedica verbum\u201d (Prega a Palavra), extra\u00eddo da segunda Carta de S\u00e3o Paulo a Tim\u00f3teo (2Tm 4, 2), ser\u00e1 o quinto arcebispo metropolitano de Aracaju. Ele nasceu em 2 de janeiro de 1959, na cidade de Salinas de Margarida (BA). Foi ordenado sacerdote em 14 de maio de 1989 e bispo no dia 10 de mar\u00e7o de 2005.<\/p>\n\n\n\n<p>O novo arcebispo metropolitano de Aracaju iniciou seu minist\u00e9rio episcopal na Arquidiocese de Salvador (BA), como bispo auxiliar, entre 2005 e 2010. Em 26 fevereiro de 2011, foi empossado como segundo bispo da Diocese de Barreiras, onde permaneceu por oito anos. Sua posse como arcebispo de Vit\u00f3ria da Conquista ocorreu em dezembro de 2019.<\/p>\n\n\n\n<p>Tamb\u00e9m atuou como administrador apost\u00f3lico da diocese de Bom Jesus da Lapa, entre maio de 2014 e setembro de 2015. No regional Nordeste 3 da Confer\u00eancia Nacional dos Bispos do Brasil (CNBB), foi bispo referencial para o Ecumenismo e Di\u00e1logo Inter-Religioso (2011-2015), e para a Pastoral da Comunica\u00e7\u00e3o (2015-2019), al\u00e9m de coordenador da Regi\u00e3o Pastoral do Oeste da Bahia (2016-2019).<\/p>\n\n\n\n<p><strong>Forma\u00e7\u00e3o acad\u00eamica<\/strong><\/p>\n\n\n\n<p>O prelado \u00e9 formado em teologia na Universidade Cat\u00f3lica do Salvador, fez especializa\u00e7\u00e3o em Filosofia na Universidade Gregoriana de Roma, licenciatura em teologia na Pontif\u00edcia Universidade Lateranense, tamb\u00e9m em Roma, em 1999, e o doutorado em antropologia teol\u00f3gica nessa mesma universidade, finalizado em 2001. Foi reitor do Semin\u00e1rio Central S\u00e3o Jo\u00e3o Maria Vianey, na Arquidiocese de S\u00e3o Salvador da Bahia.<\/p>\n\n\n\n<p>Veja, abaixo, a mensagem de dom Josaf\u00e1 Menezes da Silva aos aracajuanos:<\/p>\n\n\n\n<p><strong>\u201cAo povo de Deus da Arquidiocese de Aracaju<\/strong><\/p>\n\n\n\n<p>Ao ver estampada no site do Vaticano, na manh\u00e3 de hoje, a not\u00edcia de minha nomea\u00e7\u00e3o para Arquidiocese de Aracaju, Sergipe, dirijo-me ao Administrador Apost\u00f3lico, Dom Vitor Agnaldo de Menezes, aos Arcebispos Em\u00e9ritos, Dom Jo\u00e3o Jos\u00e9 Costa, OCarm e Dom Jos\u00e9 Palmeira Lessa, aos Padres, Di\u00e1conos permanentes, Religiosas, Religiosos, Seminaristas, L\u00edderes das comunidades, pastorais, movimentos, servi\u00e7os e associa\u00e7\u00f5es, aos homens e mulheres de boa vontade que est\u00e3o no territ\u00f3rio da Arquidiocese.<\/p>\n\n\n\n<p>Acolhi a nomea\u00e7\u00e3o do Papa Francisco para Arquidiocese de Aracaju como um novo chamado de Deus, que mais uma vez me d\u00e1 a honra de trabalhar na vinha de seu Filho Jesus, depois de exercer o minist\u00e9rio em tr\u00eas Dioceses da Bahia, estado onde nasci, agora me pede de alargar a extens\u00e3o da minha tenda (cf. Is 54,2) para a miss\u00e3o no vizinho Estado de Sergipe.<\/p>\n\n\n\n<p>Quando o Senhor N\u00fancio Apost\u00f3lico, Dom Giambattista Diquattro, me transmitiu a not\u00edcia, a motiva\u00e7\u00e3o principal para a minha resposta foi de natureza espiritual: Nossa Senhora da Concei\u00e7\u00e3o, padroeira da Arquidiocese de Aracaju, coincidentemente \u00e9 tamb\u00e9m padroeira de minha terra natal. Entendi ser um chamado materno da Imaculada que n\u00e3o podia desatender.<\/p>\n\n\n\n<p>Depois, em Aracaju, encontraria, como em Vit\u00f3ria da Conquista, uma por\u00e7\u00e3o do rebanho de Cristo, cujo servi\u00e7o deve ser tamb\u00e9m pronto e dedicado.<\/p>\n\n\n\n<p>Queridos irm\u00e3os e irm\u00e3s, estou certo que a tocha da f\u00e9 em Jesus Cristo e na sua Revela\u00e7\u00e3o que chegou \u00e0s terras do Estado de Sergipe em tempos idos e, gra\u00e7as tamb\u00e9m \u00e0 ininterrupta sucess\u00e3o apost\u00f3lica na a\u00e7\u00e3o dos bispos e arcebispos, meus antecessores, ser\u00e1 por mim recebida, e pela for\u00e7a do Esp\u00edrito Santo e a a\u00e7\u00e3o viva do Ressuscitado em todos os membros da Igreja Arquidiocesana, continuar\u00e1 a arder no presente e no futuro, para o maior bem de todo o povo santo de Deus que est\u00e1 nesta prestigiosa S\u00e9 Metropolitana.<\/p>\n\n\n\n<p>Devo, portanto, prosseguir o prop\u00f3sito de minha ordena\u00e7\u00e3o episcopal: \u201cTu, por\u00e9m, PROCLAMA A PALAVRA, insiste, no tempo oportuno e inoportuno, refuta, amea\u00e7a com toda paci\u00eancia e doutrina\u201d (II Tim 4,2).<\/p>\n\n\n\n<p>Cabe-me, a partir de hoje, come\u00e7ar a organizar as coisas para que Vit\u00f3ria da Conquista possa se preparar para receber o seu 4\u00b0 Arcebispo e ao mesmo tempo, tomar as provid\u00eancias, para poder no prazo estipulado pela Santa S\u00e9 assumir a miss\u00e3o que hoje recebo do Santo Padre, Papa Francisco, a quem agrade\u00e7o imensamente a confian\u00e7a.<\/p>\n\n\n\n<p>Estando no Ano da Ora\u00e7\u00e3o, seguindo o costume do Santo Padre, Papa Francisco, entre as vossas inten\u00e7\u00f5es de ora\u00e7\u00e3o, pe\u00e7o incluir o meu nome para que n\u00e3o me faltem as energias fisicas e morais para a nova miss\u00e3o.<\/p>\n\n\n\n<p>Que Nossa Senhora da Concei\u00e7\u00e3o e S\u00e3o Jos\u00e9 nos aben\u00e7oem!<\/p>\n\n\n\n<p>Em Cristo Jesus,<\/p>\n\n\n\n<p>Dom Josaf\u00e1 Menezes da Silva\u201d<\/p>\n\n\n\n<p><strong><em><strong><em>Acompanhe tamb\u00e9m o SE Not\u00edcias no&nbsp;<a rel=\"noreferrer noopener\" href=\"https:\/\/twitter.com\/Senoticias\" target=\"_blank\">Twitter<\/a>,&nbsp;<a rel=\"noreferrer noopener\" href=\"https:\/\/www.facebook.com\/senoticias1\" target=\"_blank\">Facebook<\/a>&nbsp;e no&nbsp;<a rel=\"noreferrer noopener\" href=\"https:\/\/www.instagram.com\/senoticias\/\" target=\"_blank\">Instagram<\/a><\/em><\/strong><\/em><\/strong><\/p>\n\n\n\n<p>Fonte: Arquidiocese de Aracaju <\/p>\n","protected":false},"excerpt":{"rendered":"<p>Dom Josaf\u00e1 Menezes da Silva, arcebispo da cidade baiana de Vit\u00f3ria da Conquista, foi nomeado pelo Papa Francisco como novo arcebispo metropolitano da Arquidiocese de Aracaju. Confirmado pela Nunciatura Apost\u00f3lica do Brasil. A nomea\u00e7\u00e3o do novo arcebispo ocorre quase nove meses ap\u00f3s a ren\u00fancia de dom Jo\u00e3o Jos\u00e9 Costa, por motivo de sa\u00fade, mais precisamente [&hellip;]<\/p>\n","protected":false},"author":6557,"featured_media":0,"comment_status":"closed","ping_status":"closed","sticky":false,"template":"","format":"standard","meta":{"footnotes":""},"categories":[15,46],"tags":[41290,41289],"class_list":{"0":"post-141530","1":"post","2":"type-post","3":"status-publish","4":"format-standard","6":"category-destaques","7":"category-religiao","8":"tag-dom-josafa-menezes-da-silva","9":"tag-novo-arcebispo-em-aracaju"},"_links":{"self":[{"href":"https:\/\/senoticias.com.br\/se\/wp-json\/wp\/v2\/posts\/141530"}],"collection":[{"href":"https:\/\/senoticias.com.br\/se\/wp-json\/wp\/v2\/posts"}],"about":[{"href":"https:\/\/senoticias.com.br\/se\/wp-json\/wp\/v2\/types\/post"}],"author":[{"embeddable":true,"href":"https:\/\/senoticias.com.br\/se\/wp-json\/wp\/v2\/users\/6557"}],"replies":[{"embeddable":true,"href":"https:\/\/senoticias.com.br\/se\/wp-json\/wp\/v2\/comments?post=141530"}],"version-history":[{"count":0,"href":"https:\/\/senoticias.com.br\/se\/wp-json\/wp\/v2\/posts\/141530\/revisions"}],"wp:attachment":[{"href":"https:\/\/senoticias.com.br\/se\/wp-json\/wp\/v2\/media?parent=141530"}],"wp:term":[{"taxonomy":"category","embeddable":true,"href":"https:\/\/senoticias.com.br\/se\/wp-json\/wp\/v2\/categories?post=141530"},{"taxonomy":"post_tag","embeddable":true,"href":"https:\/\/senoticias.com.br\/se\/wp-json\/wp\/v2\/tags?post=141530"}],"curies":[{"name":"wp","href":"https:\/\/api.w.org\/{rel}","templated":true}]}}