{"id":141526,"date":"2024-03-13T07:04:10","date_gmt":"2024-03-13T10:04:10","guid":{"rendered":"https:\/\/senoticias.com.br\/se\/?p=141526"},"modified":"2024-03-13T08:09:39","modified_gmt":"2024-03-13T11:09:39","slug":"acusado-de-violencia-domestica-marcos-franco-e-substituido-na-setur","status":"publish","type":"post","link":"https:\/\/senoticias.com.br\/se\/acusado-de-violencia-domestica-marcos-franco-e-substituido-na-setur\/","title":{"rendered":"Acusado de viol\u00eancia dom\u00e9stica, Marcos Franco \u00e9 substitu\u00eddo na Setur"},"content":{"rendered":"\n<p>O Di\u00e1rio Oficial de Sergipe publica, nesta quarta-feira (13), o decreto de nomea\u00e7\u00e3o de Daniela Mesquita Santos para responder interinamente pela Secretaria Estadual do Turismo, em substitui\u00e7\u00e3o a Marcos Franco (MDB). O empres\u00e1rio e ex-deputado estadual pediu afastamento do cargo ap\u00f3s se tornar p\u00fablico o seu indiciamento na Lei Maria da Penha por agress\u00e3o \u00e0 pr\u00f3pria esposa. Por determina\u00e7\u00e3o da Justi\u00e7a, o respons\u00e1vel pela pol\u00edtica de turismo do governo F\u00e1bio Mitidieri (PSD) est\u00e1 cumprindo medida restritiva.<\/p>\n\n\n\n<div class=\"wp-block-image\"><figure class=\"alignleft size-large\"><img loading=\"lazy\" decoding=\"async\" width=\"300\" height=\"200\" src=\"https:\/\/senoticias.com.br\/se\/wp-content\/uploads\/2024\/03\/Marcos-Franco-SE-Noticias.jpeg\" alt=\"\" class=\"wp-image-141527\" srcset=\"https:\/\/senoticias.com.br\/se\/wp-content\/uploads\/2024\/03\/Marcos-Franco-SE-Noticias.jpeg 300w, https:\/\/senoticias.com.br\/se\/wp-content\/uploads\/2024\/03\/Marcos-Franco-SE-Noticias-90x60.jpeg 90w, https:\/\/senoticias.com.br\/se\/wp-content\/uploads\/2024\/03\/Marcos-Franco-SE-Noticias-180x120.jpeg 180w, https:\/\/senoticias.com.br\/se\/wp-content\/uploads\/2024\/03\/Marcos-Franco-SE-Noticias-95x64.jpeg 95w\" sizes=\"(max-width: 300px) 100vw, 300px\" \/><figcaption>Marcos Franco \u00e9 substitu\u00eddo na Setur &#8211; Jadilson Sim\u00f5es\/Ag\u00eancia Alese<\/figcaption><\/figure><\/div>\n\n\n\n<p>Chamou a aten\u00e7\u00e3o o fato de ter sido o secret\u00e1rio quem pediu para se afastar do governo Mitidieri. Com o meteorologista Overland Amaral, tamb\u00e9m acusado de viol\u00eancia dom\u00e9stica, ocorreu o contr\u00e1rio: ap\u00f3s o caso se tornar p\u00fablico, ele foi sumariamente exonerado de um cargo comissionado na Secretaria de Estado do Meio Ambiente, Sustentabilidade e A\u00e7\u00f5es Clim\u00e1ticas.<\/p>\n\n\n\n<p>A esposa de Marcos Franco prestou boletim de ocorr\u00eancia na Delegacia da Mulher em novembro do ano passado. Setores da imprensa vinha denunciando que um auxiliar do governo estava cumprindo medida protetiva desde fevereiro passado, mas o Executivo se mantinha em sil\u00eancio, enquanto o secret\u00e1rio continuava participando ativamente da gest\u00e3o estadual.<\/p>\n\n\n\n<p>No \u00faltimo dia 8, antes de participar, ao lado do governador F\u00e1bio Mitidieri (PSD) e da primeira dama \u00c9rica Mitidieri, da inaugura\u00e7\u00e3o da Vila da P\u00e1scoa, Franco postou o seguinte no instagram: \u201cEsse novo evento tur\u00edstico, que acaba de ser criado pelo Governo de Sergipe e que ser\u00e1 inaugurado hoje \u00e0 noite, 8 de mar\u00e7o, no Dia Internacional da Mulher, vai surpreender visitantes e turistas\u201d.<\/p>\n\n\n\n<p>At\u00e9 o momento, a \u00fanica manifesta\u00e7\u00e3o p\u00fablica do governo sobre o epis\u00f3dio foi o decreto nomeando interinamente Daniela Mesquita na Secret\u00e1ria de Turismo. Ontem, o portal de not\u00edcias Fan F1 publicou uma nota curta sobre o pedido de afastamento: \u201cO secret\u00e1rio de Turismo, Marcos Franco, acaba de pedir afastamento. O pedido foi acatado pelo governador F\u00e1bio Mitidieri. Marcos Franco, por orienta\u00e7\u00e3o de sua defesa, feita pelo advogado Ev\u00e2nio Moura, manter\u00e1 a posi\u00e7\u00e3o de s\u00f3 falar no momento que achar adequado, dando prefer\u00eancia a agir nos autos do processo\u201d.<\/p>\n\n\n\n<p><strong><em><strong><em>Acompanhe tamb\u00e9m o SE Not\u00edcias no\u00a0<a rel=\"noreferrer noopener\" href=\"https:\/\/twitter.com\/Senoticias\" target=\"_blank\">Twitter<\/a>,\u00a0<a rel=\"noreferrer noopener\" href=\"https:\/\/www.facebook.com\/senoticias1\" target=\"_blank\">Facebook<\/a>\u00a0e no\u00a0<a rel=\"noreferrer noopener\" href=\"https:\/\/www.instagram.com\/senoticias\/\" target=\"_blank\">Instagram<\/a><\/em><\/strong><\/em><\/strong><\/p>\n\n\n\n<p><em><strong>Por Adiberto de Souz<a href=\"https:\/\/www.destaquenoticias.com.br\/acusado-de-violencia-domestica-franco-e-substituido-na-setur\/\">a<\/a><\/strong><\/em><\/p>\n","protected":false},"excerpt":{"rendered":"<p>O Di\u00e1rio Oficial de Sergipe publica, nesta quarta-feira (13), o decreto de nomea\u00e7\u00e3o de Daniela Mesquita Santos para responder interinamente pela Secretaria Estadual do Turismo, em substitui\u00e7\u00e3o a Marcos Franco (MDB). O empres\u00e1rio e ex-deputado estadual pediu afastamento do cargo ap\u00f3s se tornar p\u00fablico o seu indiciamento na Lei Maria da Penha por agress\u00e3o \u00e0 [&hellip;]<\/p>\n","protected":false},"author":6557,"featured_media":0,"comment_status":"closed","ping_status":"closed","sticky":false,"template":"","format":"standard","meta":{"footnotes":""},"categories":[15,6,1],"tags":[9874,12691,2867],"class_list":{"0":"post-141526","1":"post","2":"type-post","3":"status-publish","4":"format-standard","6":"category-destaques","7":"category-politica","8":"category-sem-categoria","9":"tag-marcos-franco","10":"tag-secretario-de-turismo","11":"tag-violencia-domestica"},"_links":{"self":[{"href":"https:\/\/senoticias.com.br\/se\/wp-json\/wp\/v2\/posts\/141526"}],"collection":[{"href":"https:\/\/senoticias.com.br\/se\/wp-json\/wp\/v2\/posts"}],"about":[{"href":"https:\/\/senoticias.com.br\/se\/wp-json\/wp\/v2\/types\/post"}],"author":[{"embeddable":true,"href":"https:\/\/senoticias.com.br\/se\/wp-json\/wp\/v2\/users\/6557"}],"replies":[{"embeddable":true,"href":"https:\/\/senoticias.com.br\/se\/wp-json\/wp\/v2\/comments?post=141526"}],"version-history":[{"count":0,"href":"https:\/\/senoticias.com.br\/se\/wp-json\/wp\/v2\/posts\/141526\/revisions"}],"wp:attachment":[{"href":"https:\/\/senoticias.com.br\/se\/wp-json\/wp\/v2\/media?parent=141526"}],"wp:term":[{"taxonomy":"category","embeddable":true,"href":"https:\/\/senoticias.com.br\/se\/wp-json\/wp\/v2\/categories?post=141526"},{"taxonomy":"post_tag","embeddable":true,"href":"https:\/\/senoticias.com.br\/se\/wp-json\/wp\/v2\/tags?post=141526"}],"curies":[{"name":"wp","href":"https:\/\/api.w.org\/{rel}","templated":true}]}}