{"id":141508,"date":"2024-03-12T10:30:25","date_gmt":"2024-03-12T13:30:25","guid":{"rendered":"https:\/\/senoticias.com.br\/se\/?p=141508"},"modified":"2024-03-12T10:30:37","modified_gmt":"2024-03-12T13:30:37","slug":"imprensa-nacional-destaca-indicacao-de-laercio-como-lider-do-bloco-alianca","status":"publish","type":"post","link":"https:\/\/senoticias.com.br\/se\/imprensa-nacional-destaca-indicacao-de-laercio-como-lider-do-bloco-alianca\/","title":{"rendered":"Imprensa nacional destaca indica\u00e7\u00e3o de La\u00e9rcio como l\u00edder do bloco Alian\u00e7a"},"content":{"rendered":"\n<p>O senador La\u00e9rcio Oliveira (PP) foi designado pelo presidente Nacional do Progressistas, o senador Ciro Nogueira, como o novo l\u00edder do Bloco Alian\u00e7a, composto pelo PP e o Republicanos. O Bloco tem 10 senadores, n\u00famero suficiente para ser o fiel da balan\u00e7a de qualquer vota\u00e7\u00e3o no Senado. La\u00e9rcio agradeceu a confian\u00e7a e reafirmou compromisso com o desenvolvimento do Pa\u00eds para gera\u00e7\u00e3o de emprego e renda. \u201cEssa \u00e9 uma posi\u00e7\u00e3o importante de oposi\u00e7\u00e3o ao governo Lula\u201d, afirmou o jornalista Murilo Fagundes do SBT News.<\/p>\n\n\n\n<figure class=\"wp-block-image size-large\"><img loading=\"lazy\" decoding=\"async\" width=\"588\" height=\"271\" src=\"https:\/\/senoticias.com.br\/se\/wp-content\/uploads\/2024\/03\/WhatsApp-Image-2024-03-12-at-09.18.56.jpeg\" alt=\"\" class=\"wp-image-141509\" srcset=\"https:\/\/senoticias.com.br\/se\/wp-content\/uploads\/2024\/03\/WhatsApp-Image-2024-03-12-at-09.18.56.jpeg 588w, https:\/\/senoticias.com.br\/se\/wp-content\/uploads\/2024\/03\/WhatsApp-Image-2024-03-12-at-09.18.56-300x138.jpeg 300w\" sizes=\"(max-width: 588px) 100vw, 588px\" \/><\/figure>\n\n\n\n<p>\u201cSomos dez senadores sob uma nova lideran\u00e7a, mas com as mesmas pr\u00e1ticas que orientam meu mandato e meu relacionamento com todos os meus colegas: \u00c9tica, respeito e concilia\u00e7\u00e3o\u201d, disse La\u00e9rcio.<\/p>\n\n\n\n<p>Um dos temas do momento e sobre o qual o senador foi questionado \u00e9 a PEC 45\/2023 que torna crime a posse e o porte de drogas independentemente da quantidade e pode ser votada na Comiss\u00e3o de Constitui\u00e7\u00e3o e Justi\u00e7a (CCJ) na semana que vem. Ao ser questionado sobre o assunto, o senador afirmou que PEC est\u00e1 madura. \u201cExiste uma articula\u00e7\u00e3o muito forte dentro do Senado. A PEC precisa ser votada dentro da CCJ e com pedido de urg\u00eancia para o Plen\u00e1rio. O sentimento do Senado \u00e9 votar a favor da PEC. O STF saiu na frente sobre esse tema, mas tamb\u00e9m h\u00e1 um sentimento dentro do Senado que esse \u00e9 um papel do Legislativo\u201d, afirmou o senador ao SBT News.<\/p>\n\n\n\n<p>Outros temas apontados como prioridade pelo senador \u00e9 o acompanhamento dos projetos de lei complementares \u00e0 Reforma Tribut\u00e1ria. \u201cO governo deve encaminhar nos pr\u00f3ximos dias esses projetos, a exemplo de um de minha autoria que desonera a folha de pagamento e tem o foco no emprego. Outra bandeira importante \u00e9 o aumento do teto do Simples Nacional, que continua o mesmo desde 2016. As empresas precisam crescer e o teto tem que evoluir com esse crescimento, para que fa\u00e7a sentido a exist\u00eancia do Simples Nacional\u201d, observou.<\/p>\n\n\n\n<p>A partir de agora, o senador passa integrar o col\u00e9gio de l\u00edderes, com voz ativa no colegiado e posicionamento sobre projetos de lei de interesse das bancadas do Progressistas que devem ser inclu\u00eddos na pauta do Plen\u00e1rio do Senado. Al\u00e9m disso, ser\u00e1 sua responsabilidade encaminhar as vota\u00e7\u00f5es do bloco.<\/p>\n\n\n\n<p><strong><em><strong><em>Acompanhe tamb\u00e9m o SE Not\u00edcias no\u00a0<a rel=\"noreferrer noopener\" href=\"https:\/\/twitter.com\/Senoticias\" target=\"_blank\">Twitter<\/a>,\u00a0<a rel=\"noreferrer noopener\" href=\"https:\/\/www.facebook.com\/senoticias1\" target=\"_blank\">Facebook<\/a>\u00a0e no\u00a0<a rel=\"noreferrer noopener\" href=\"https:\/\/www.instagram.com\/senoticias\/\" target=\"_blank\">Instagram<\/a><\/em><\/strong><\/em><\/strong><\/p>\n\n\n\n<p>Fonte: assessoria de Imprensa<\/p>\n","protected":false},"excerpt":{"rendered":"<p>O senador La\u00e9rcio Oliveira (PP) foi designado pelo presidente Nacional do Progressistas, o senador Ciro Nogueira, como o novo l\u00edder do Bloco Alian\u00e7a, composto pelo PP e o Republicanos. O Bloco tem 10 senadores, n\u00famero suficiente para ser o fiel da balan\u00e7a de qualquer vota\u00e7\u00e3o no Senado. La\u00e9rcio agradeceu a confian\u00e7a e reafirmou compromisso com [&hellip;]<\/p>\n","protected":false},"author":6557,"featured_media":0,"comment_status":"closed","ping_status":"closed","sticky":false,"template":"","format":"standard","meta":{"footnotes":""},"categories":[15,6],"tags":[41280,41279,3718],"class_list":{"0":"post-141508","1":"post","2":"type-post","3":"status-publish","4":"format-standard","6":"category-destaques","7":"category-politica","8":"tag-bloco-alianca","9":"tag-imprensa-nacional","10":"tag-laercio-oliveira"},"_links":{"self":[{"href":"https:\/\/senoticias.com.br\/se\/wp-json\/wp\/v2\/posts\/141508"}],"collection":[{"href":"https:\/\/senoticias.com.br\/se\/wp-json\/wp\/v2\/posts"}],"about":[{"href":"https:\/\/senoticias.com.br\/se\/wp-json\/wp\/v2\/types\/post"}],"author":[{"embeddable":true,"href":"https:\/\/senoticias.com.br\/se\/wp-json\/wp\/v2\/users\/6557"}],"replies":[{"embeddable":true,"href":"https:\/\/senoticias.com.br\/se\/wp-json\/wp\/v2\/comments?post=141508"}],"version-history":[{"count":0,"href":"https:\/\/senoticias.com.br\/se\/wp-json\/wp\/v2\/posts\/141508\/revisions"}],"wp:attachment":[{"href":"https:\/\/senoticias.com.br\/se\/wp-json\/wp\/v2\/media?parent=141508"}],"wp:term":[{"taxonomy":"category","embeddable":true,"href":"https:\/\/senoticias.com.br\/se\/wp-json\/wp\/v2\/categories?post=141508"},{"taxonomy":"post_tag","embeddable":true,"href":"https:\/\/senoticias.com.br\/se\/wp-json\/wp\/v2\/tags?post=141508"}],"curies":[{"name":"wp","href":"https:\/\/api.w.org\/{rel}","templated":true}]}}