{"id":141500,"date":"2024-03-12T10:44:37","date_gmt":"2024-03-12T13:44:37","guid":{"rendered":"https:\/\/senoticias.com.br\/se\/?p=141500"},"modified":"2024-03-12T10:44:46","modified_gmt":"2024-03-12T13:44:46","slug":"corpo-do-jornalista-edvar-freire-caetano-sera-sepultado-no-colina-da-saudade","status":"publish","type":"post","link":"https:\/\/senoticias.com.br\/se\/corpo-do-jornalista-edvar-freire-caetano-sera-sepultado-no-colina-da-saudade\/","title":{"rendered":"Corpo do jornalista Edvar Freire Caetano ser\u00e1 sepultado no Colina da Saudade"},"content":{"rendered":"\n<p>Morreu nesta ter\u00e7a-feira (12), em Aracaju, aos 74 anos, o jornalista Edvar Freire Caetano, v\u00edtima de c\u00e2ncer. Ele estava se tratando de um c\u00e2ncer de pr\u00f3stata.<\/p>\n\n\n\n<p>O vel\u00f3rio do corpo do jornalista Edvar Freire Caetano ser\u00e1 no Cemit\u00e9rio Colina da Saudade, a partir das 11h. J\u00e1 o sepultamento est\u00e1 previsto para \u00e0s 15h no mesmo local.<\/p>\n\n\n\n<figure class=\"wp-block-image size-large\"><img loading=\"lazy\" decoding=\"async\" width=\"600\" height=\"497\" src=\"https:\/\/senoticias.com.br\/se\/wp-content\/uploads\/2024\/03\/Edvar-Freire-Caetano-se-noticias.jpg\" alt=\"\" class=\"wp-image-141510\" srcset=\"https:\/\/senoticias.com.br\/se\/wp-content\/uploads\/2024\/03\/Edvar-Freire-Caetano-se-noticias.jpg 600w, https:\/\/senoticias.com.br\/se\/wp-content\/uploads\/2024\/03\/Edvar-Freire-Caetano-se-noticias-300x249.jpg 300w\" sizes=\"(max-width: 600px) 100vw, 600px\" \/><figcaption>Morre, aos 74 anos, o jornalista Edvar Freire Caetano &#8211; Foto: arquivo\/fam\u00edlia<\/figcaption><\/figure>\n\n\n\n<p>O Sindicato dos Jornalistas Profissionais de Sergipe (SINDIJOR-SE) emitiu uma nota lamentando a morte de profissional da imprensa.<\/p>\n\n\n\n<p>\u201cEm nome de toda a classe trabalhadora, o Sindicato dos Jornalistas Profissionais do Estado de Sergipe (Sindijor\/SE), e a Federa\u00e7\u00e3o Nacional dos Jornalistas (FENAJ), lamentam a passagem do nobre comunicador, Edvar Freire Caetano, v\u00edtima de c\u00e2ncer de pr\u00f3stata. Ao longo das \u00faltimas tr\u00eas d\u00e9cadas de dedica\u00e7\u00e3o ao jornalismo sergipano, assumiu protagonismo em decorr\u00eancia do seu mais alto gabarito funcional\u201d, diz nota da entidade do Jornalismo sergipano, que encoraja a fam\u00edlia do jornalista a superar este momento de profunda dor.<\/p>\n\n\n\n<p>\u201cAmigo, conselheiro e professor, sobretudo para as novas gera\u00e7\u00f5es de profissionais, deixa um legado de dedica\u00e7\u00e3o e amor \u00e0s respectivas atua\u00e7\u00f5es profissionais. Emitimos os mais sinceros e fraternos votos de pesar aos familiares e amigos. Rogamos para que eles possam encontrar conforto nesse momento em que as palavras se apequenam diante da tristeza, bem como da grandeza deste \u00edcone da comunica\u00e7\u00e3o sergipana\u201d, conclui o SINDIJOR.<\/p>\n\n\n\n<p>Edvar Freire Caetano j\u00e1 passou por v\u00e1rios ve\u00edculos de comunica\u00e7\u00e3o em Sergipe, entre eles o seman\u00e1rio Cinform, A\u00e7\u00e3o Popular e o Jornal A Semana em Foco, do qual foi diretor de Jornalismo.<\/p>\n\n\n\n<p><strong>Hist\u00f3rico profissional<\/strong><\/p>\n\n\n\n<p>Edvar Freire Caetano era formado em Jornalismo pela Universidade Tiradentes. Ele tinha MBA em Ger\u00eancia de Projetos pela Faculdade de Neg\u00f3cios de Sergipe (Fanese), p\u00f3s-graduado em Gest\u00e3o P\u00fablica pela Universidade Federal de Sergipe (UFS). O jornalista tamb\u00e9m foi consultor de com\u00e9rcio internacional do Sebrae Sergipe, ex-diretor de Administra\u00e7\u00e3o e Finan\u00e7as da Secretaria de Estado do Turismo, ex-gerente de Projetos e Programas Especiais da Defensoria P\u00fabica do Estado, al\u00e9m de coordenador do Instituto Fecom\u00e9rcio de Pesquisa e Desenvolvimento.<br><strong><em><br>Por Paulo Sousa, do <a href=\"https:\/\/horanews.net\/morre-aos-74-anos-o-jornalista-edvar-freire-caetano\/\">Hora News <\/a><\/em><\/strong><\/p>\n\n\n\n<p><strong><em><strong><em>Acompanhe tamb\u00e9m o SE Not\u00edcias no\u00a0<a rel=\"noreferrer noopener\" href=\"https:\/\/twitter.com\/Senoticias\" target=\"_blank\">Twitter<\/a>,\u00a0<a rel=\"noreferrer noopener\" href=\"https:\/\/www.facebook.com\/senoticias1\" target=\"_blank\">Facebook<\/a>\u00a0e no\u00a0<a rel=\"noreferrer noopener\" href=\"https:\/\/www.instagram.com\/senoticias\/\" target=\"_blank\">Instagram<\/a><\/em><\/strong><\/em><\/strong><\/p>\n\n\n\n<p>Foto: arquivo pessoal <\/p>\n","protected":false},"excerpt":{"rendered":"<p>Morreu nesta ter\u00e7a-feira (12), em Aracaju, aos 74 anos, o jornalista Edvar Freire Caetano, v\u00edtima de c\u00e2ncer. Ele estava se tratando de um c\u00e2ncer de pr\u00f3stata. O vel\u00f3rio do corpo do jornalista Edvar Freire Caetano ser\u00e1 no Cemit\u00e9rio Colina da Saudade, a partir das 11h. J\u00e1 o sepultamento est\u00e1 previsto para \u00e0s 15h no mesmo [&hellip;]<\/p>\n","protected":false},"author":6557,"featured_media":0,"comment_status":"closed","ping_status":"closed","sticky":false,"template":"","format":"standard","meta":{"footnotes":""},"categories":[15,8],"tags":[41283,41282,41281],"class_list":{"0":"post-141500","1":"post","2":"type-post","3":"status-publish","4":"format-standard","6":"category-destaques","7":"category-esporte-e-cultura","8":"tag-colina-da-saudade","9":"tag-edvar-freire-caetano","10":"tag-jornalista-edvar-freire"},"_links":{"self":[{"href":"https:\/\/senoticias.com.br\/se\/wp-json\/wp\/v2\/posts\/141500"}],"collection":[{"href":"https:\/\/senoticias.com.br\/se\/wp-json\/wp\/v2\/posts"}],"about":[{"href":"https:\/\/senoticias.com.br\/se\/wp-json\/wp\/v2\/types\/post"}],"author":[{"embeddable":true,"href":"https:\/\/senoticias.com.br\/se\/wp-json\/wp\/v2\/users\/6557"}],"replies":[{"embeddable":true,"href":"https:\/\/senoticias.com.br\/se\/wp-json\/wp\/v2\/comments?post=141500"}],"version-history":[{"count":0,"href":"https:\/\/senoticias.com.br\/se\/wp-json\/wp\/v2\/posts\/141500\/revisions"}],"wp:attachment":[{"href":"https:\/\/senoticias.com.br\/se\/wp-json\/wp\/v2\/media?parent=141500"}],"wp:term":[{"taxonomy":"category","embeddable":true,"href":"https:\/\/senoticias.com.br\/se\/wp-json\/wp\/v2\/categories?post=141500"},{"taxonomy":"post_tag","embeddable":true,"href":"https:\/\/senoticias.com.br\/se\/wp-json\/wp\/v2\/tags?post=141500"}],"curies":[{"name":"wp","href":"https:\/\/api.w.org\/{rel}","templated":true}]}}