{"id":141369,"date":"2024-03-02T20:02:31","date_gmt":"2024-03-02T23:02:31","guid":{"rendered":"https:\/\/senoticias.com.br\/se\/?p=141369"},"modified":"2024-03-02T20:02:38","modified_gmt":"2024-03-02T23:02:38","slug":"mais-de-700-animais-silvestres-sao-recuperados-em-operacao-da-prf-em-sergipe","status":"publish","type":"post","link":"https:\/\/senoticias.com.br\/se\/mais-de-700-animais-silvestres-sao-recuperados-em-operacao-da-prf-em-sergipe\/","title":{"rendered":"Mais de 700 animais silvestres s\u00e3o recuperados em opera\u00e7\u00e3o da PRF em Sergipe"},"content":{"rendered":"\n<p>Mais de 700 animais foram apreendidos em opera\u00e7\u00e3o da Pol\u00edcia Federal no estado de Sergipe, realizada durante a semana e encerrada nesta sexta-feira (1). A a\u00e7\u00e3o teve como objetivo fiscalizar e combater crimes ambientais associados ao tr\u00e1fico de animais silvestres.<\/p>\n\n\n\n<figure class=\"wp-block-image size-large\"><img loading=\"lazy\" decoding=\"async\" width=\"584\" height=\"438\" src=\"https:\/\/senoticias.com.br\/se\/wp-content\/uploads\/2024\/03\/Animais-soltos-se-noticias.jpg\" alt=\"\" class=\"wp-image-141370\" srcset=\"https:\/\/senoticias.com.br\/se\/wp-content\/uploads\/2024\/03\/Animais-soltos-se-noticias.jpg 584w, https:\/\/senoticias.com.br\/se\/wp-content\/uploads\/2024\/03\/Animais-soltos-se-noticias-300x225.jpg 300w, https:\/\/senoticias.com.br\/se\/wp-content\/uploads\/2024\/03\/Animais-soltos-se-noticias-45x35.jpg 45w\" sizes=\"(max-width: 584px) 100vw, 584px\" \/><figcaption>Cerca de 500 p\u00e1ssaros foram postos em liberdade de volta \u00e0 mata atl\u00e2ntica &#8211; Foto: ascom\/PRF\/SE<\/figcaption><\/figure>\n\n\n\n<p>Na opera\u00e7\u00e3o, al\u00e9m dos animais apreendidos &#8211; entre eles Tatus, Jabutis-Piranga e p\u00e1ssaros diversos &#8211; 70 pessoas foram autuadas por ca\u00e7a a animais silvestres. Segundo a PRF, todas as pessoas assinaram Termos Circunstanciados e comprometeram-se a voltar quando intimadas.<\/p>\n\n\n\n<p>Cerca de 500 p\u00e1ssaros recuperados foram libertados na Mata Atl\u00e2ntica, em local apropriado. J\u00e1 os r\u00e9pteis foram entregues ao Centro de Triagem de animais silvestres (Cetas\/ IBAMA-SE).<\/p>\n\n\n\n<p>A a\u00e7\u00e3o contou com refor\u00e7o de equipes PRFs de outros estados, al\u00e9m da parceria da Administra\u00e7\u00e3o Estadual do Meio Ambiente &#8211; ADEMA e do apoio do Centro de Triagem de Animais Silvestres &#8211; CETAS do IBAMA-SE, da Guarda Municipal de Est\u00e2ncia\/SE e da ONG Freeland Brasil. A colabora\u00e7\u00e3o entre as institui\u00e7\u00f5es \u00e9 crucial para o combate aos crimes ambientais<\/p>\n\n\n\n<p><strong><em><strong><em>Acompanhe tamb\u00e9m o SE Not\u00edcias no\u00a0<a rel=\"noreferrer noopener\" href=\"https:\/\/twitter.com\/Senoticias\" target=\"_blank\">Twitter<\/a>,\u00a0<a rel=\"noreferrer noopener\" href=\"https:\/\/www.facebook.com\/senoticias1\" target=\"_blank\">Facebook<\/a>\u00a0e no\u00a0<a rel=\"noreferrer noopener\" href=\"https:\/\/www.instagram.com\/senoticias\/\" target=\"_blank\">Instagram<\/a><\/em><\/strong><\/em><\/strong><\/p>\n\n\n\n<p>Fonte: ascom\/PRF<\/p>\n","protected":false},"excerpt":{"rendered":"<p>Mais de 700 animais foram apreendidos em opera\u00e7\u00e3o da Pol\u00edcia Federal no estado de Sergipe, realizada durante a semana e encerrada nesta sexta-feira (1). A a\u00e7\u00e3o teve como objetivo fiscalizar e combater crimes ambientais associados ao tr\u00e1fico de animais silvestres. Na opera\u00e7\u00e3o, al\u00e9m dos animais apreendidos &#8211; entre eles Tatus, Jabutis-Piranga e p\u00e1ssaros diversos &#8211; [&hellip;]<\/p>\n","protected":false},"author":6557,"featured_media":0,"comment_status":"closed","ping_status":"closed","sticky":false,"template":"","format":"standard","meta":{"footnotes":""},"categories":[15,6],"tags":[41225,77,41224],"class_list":{"0":"post-141369","1":"post","2":"type-post","3":"status-publish","4":"format-standard","6":"category-destaques","7":"category-politica","8":"tag-700-animais","9":"tag-prf","10":"tag-trafico-de-animais-silvestres"},"_links":{"self":[{"href":"https:\/\/senoticias.com.br\/se\/wp-json\/wp\/v2\/posts\/141369"}],"collection":[{"href":"https:\/\/senoticias.com.br\/se\/wp-json\/wp\/v2\/posts"}],"about":[{"href":"https:\/\/senoticias.com.br\/se\/wp-json\/wp\/v2\/types\/post"}],"author":[{"embeddable":true,"href":"https:\/\/senoticias.com.br\/se\/wp-json\/wp\/v2\/users\/6557"}],"replies":[{"embeddable":true,"href":"https:\/\/senoticias.com.br\/se\/wp-json\/wp\/v2\/comments?post=141369"}],"version-history":[{"count":0,"href":"https:\/\/senoticias.com.br\/se\/wp-json\/wp\/v2\/posts\/141369\/revisions"}],"wp:attachment":[{"href":"https:\/\/senoticias.com.br\/se\/wp-json\/wp\/v2\/media?parent=141369"}],"wp:term":[{"taxonomy":"category","embeddable":true,"href":"https:\/\/senoticias.com.br\/se\/wp-json\/wp\/v2\/categories?post=141369"},{"taxonomy":"post_tag","embeddable":true,"href":"https:\/\/senoticias.com.br\/se\/wp-json\/wp\/v2\/tags?post=141369"}],"curies":[{"name":"wp","href":"https:\/\/api.w.org\/{rel}","templated":true}]}}