{"id":141367,"date":"2024-03-02T16:14:12","date_gmt":"2024-03-02T19:14:12","guid":{"rendered":"https:\/\/senoticias.com.br\/se\/?p=141367"},"modified":"2024-03-02T16:15:11","modified_gmt":"2024-03-02T19:15:11","slug":"motociclista-morre-apos-colidir-com-caminhao-em-aracaju","status":"publish","type":"post","link":"https:\/\/senoticias.com.br\/se\/motociclista-morre-apos-colidir-com-caminhao-em-aracaju\/","title":{"rendered":"Motociclista morre ap\u00f3s colis\u00e3o com caminh\u00e3o em Aracaju"},"content":{"rendered":"\n<p><\/p>\n\n\n\n<p>Um homem morreu e uma mulher ficou ferida ap\u00f3s acidente entre um caminh\u00e3o de pequeno porte e uma moto no in\u00edcio da manh\u00e3 desta s\u00e1bado (2), no cruzamento da Avenida Sime\u00e3o Sobral com Avenida Jo\u00e3o Ribeiro, no bairro Santo Ant\u00f4nio. A v\u00edtima, Anderson Santana, de 49 anos, ficou presa \u00e0s ferragens e morreu ainda no local.<\/p>\n\n\n\n<figure class=\"wp-block-image size-large\"><img loading=\"lazy\" decoding=\"async\" width=\"537\" height=\"342\" src=\"https:\/\/senoticias.com.br\/se\/wp-content\/uploads\/2024\/03\/Acidente-na-motociclista-em-Aracaju-SE-Noticias.jpg\" alt=\"\" class=\"wp-image-141368\" srcset=\"https:\/\/senoticias.com.br\/se\/wp-content\/uploads\/2024\/03\/Acidente-na-motociclista-em-Aracaju-SE-Noticias.jpg 537w, https:\/\/senoticias.com.br\/se\/wp-content\/uploads\/2024\/03\/Acidente-na-motociclista-em-Aracaju-SE-Noticias-300x191.jpg 300w, https:\/\/senoticias.com.br\/se\/wp-content\/uploads\/2024\/03\/Acidente-na-motociclista-em-Aracaju-SE-Noticias-190x122.jpg 190w, https:\/\/senoticias.com.br\/se\/wp-content\/uploads\/2024\/03\/Acidente-na-motociclista-em-Aracaju-SE-Noticias-120x76.jpg 120w, https:\/\/senoticias.com.br\/se\/wp-content\/uploads\/2024\/03\/Acidente-na-motociclista-em-Aracaju-SE-Noticias-265x168.jpg 265w, https:\/\/senoticias.com.br\/se\/wp-content\/uploads\/2024\/03\/Acidente-na-motociclista-em-Aracaju-SE-Noticias-284x180.jpg 284w, https:\/\/senoticias.com.br\/se\/wp-content\/uploads\/2024\/03\/Acidente-na-motociclista-em-Aracaju-SE-Noticias-220x140.jpg 220w\" sizes=\"(max-width: 537px) 100vw, 537px\" \/><figcaption>Motociclista morre ap\u00f3s colisa\u00f5 com caminh\u00e3o em Aracaju. \u2014 Foto: SMTT\/Aju<\/figcaption><\/figure>\n\n\n\n<p>De acordo com o SMTT, a via foi isolada por conta da colis\u00e3o. O Instituto M\u00e9dico Legal foi acionado para recolher o corpo do motociclista. O Servi\u00e7o de Atendimento M\u00f3vel de Urg\u00eancia (SAMU) esteve no local e prestou socorro \u00e0 segunda v\u00edtima, que foi levada para o hospital.<\/p>\n\n\n\n<p>Em nota, a Secretaria Estadual de Sa\u00fade (SES) disse que a mulher apresentava dores abdominais e ferimentos, e por isso foi encaminhada ao Hospital Zona Norte. Ap\u00f3s avalia\u00e7\u00e3o, ela foi transferida para o Hospital de Urg\u00eancias de Sergipe para tratar uma les\u00e3o no joelho esquerdo.<\/p>\n\n\n\n<p>O SMTT informou que o motorista do caminh\u00e3o foi embora do local do acidente, mas j\u00e1 foi contactado. O corpo j\u00e1 foi retirado do local e a via foi liberada.<\/p>\n\n\n\n<p><strong><em><strong><em>Acompanhe tamb\u00e9m o SE Not\u00edcias no\u00a0<a rel=\"noreferrer noopener\" href=\"https:\/\/twitter.com\/Senoticias\" target=\"_blank\">Twitter<\/a>,\u00a0<a rel=\"noreferrer noopener\" href=\"https:\/\/www.facebook.com\/senoticias1\" target=\"_blank\">Facebook<\/a>\u00a0e no\u00a0<a rel=\"noreferrer noopener\" href=\"https:\/\/www.instagram.com\/senoticias\/\" target=\"_blank\">Instagram<\/a><\/em><\/strong><\/em><\/strong><\/p>\n\n\n\n<p>Fonte: A8se.com.br<\/p>\n","protected":false},"excerpt":{"rendered":"<p>Um homem morreu e uma mulher ficou ferida ap\u00f3s acidente entre um caminh\u00e3o de pequeno porte e uma moto no in\u00edcio da manh\u00e3 desta s\u00e1bado (2), no cruzamento da Avenida Sime\u00e3o Sobral com Avenida Jo\u00e3o Ribeiro, no bairro Santo Ant\u00f4nio. A v\u00edtima, Anderson Santana, de 49 anos, ficou presa \u00e0s ferragens e morreu ainda no [&hellip;]<\/p>\n","protected":false},"author":6557,"featured_media":0,"comment_status":"closed","ping_status":"closed","sticky":false,"template":"","format":"standard","meta":{"footnotes":""},"categories":[15,7],"tags":[12626,41223,39416],"class_list":{"0":"post-141367","1":"post","2":"type-post","3":"status-publish","4":"format-standard","6":"category-destaques","7":"category-policia","8":"tag-motociclista-morre","9":"tag-paz-no-transito","10":"tag-violencia-no-transito-2"},"_links":{"self":[{"href":"https:\/\/senoticias.com.br\/se\/wp-json\/wp\/v2\/posts\/141367"}],"collection":[{"href":"https:\/\/senoticias.com.br\/se\/wp-json\/wp\/v2\/posts"}],"about":[{"href":"https:\/\/senoticias.com.br\/se\/wp-json\/wp\/v2\/types\/post"}],"author":[{"embeddable":true,"href":"https:\/\/senoticias.com.br\/se\/wp-json\/wp\/v2\/users\/6557"}],"replies":[{"embeddable":true,"href":"https:\/\/senoticias.com.br\/se\/wp-json\/wp\/v2\/comments?post=141367"}],"version-history":[{"count":0,"href":"https:\/\/senoticias.com.br\/se\/wp-json\/wp\/v2\/posts\/141367\/revisions"}],"wp:attachment":[{"href":"https:\/\/senoticias.com.br\/se\/wp-json\/wp\/v2\/media?parent=141367"}],"wp:term":[{"taxonomy":"category","embeddable":true,"href":"https:\/\/senoticias.com.br\/se\/wp-json\/wp\/v2\/categories?post=141367"},{"taxonomy":"post_tag","embeddable":true,"href":"https:\/\/senoticias.com.br\/se\/wp-json\/wp\/v2\/tags?post=141367"}],"curies":[{"name":"wp","href":"https:\/\/api.w.org\/{rel}","templated":true}]}}