{"id":141366,"date":"2024-03-01T20:08:20","date_gmt":"2024-03-01T23:08:20","guid":{"rendered":"https:\/\/senoticias.com.br\/se\/?p=141366"},"modified":"2024-03-01T20:08:24","modified_gmt":"2024-03-01T23:08:24","slug":"tse-publica-resolucoes-para-eleicoes-2024-restricao-de-inteligencia-artificial-esta-inclusa","status":"publish","type":"post","link":"https:\/\/senoticias.com.br\/se\/tse-publica-resolucoes-para-eleicoes-2024-restricao-de-inteligencia-artificial-esta-inclusa\/","title":{"rendered":"TSE publica resolu\u00e7\u00f5es para elei\u00e7\u00f5es 2024; restri\u00e7\u00e3o de Intelig\u00eancia Artificial est\u00e1 inclusa"},"content":{"rendered":"\n<p>As resolu\u00e7\u00f5es que reger\u00e3o as Elei\u00e7\u00f5es Municipais de 2024 foram publicadas, nesta sexta-feira (1\u00ba), no Di\u00e1rio da Justi\u00e7a Eletr\u00f4nico do Tribunal Superior Eleitoral (TSE). As 12 normas, aprovadas pela Corte nesta ter\u00e7a-feira (27), fixam as regras do pleito, previsto para o dia 6 de outubro (1\u00ba turno).<\/p>\n\n\n\n<p>Os textos servem de diretrizes para candidatas, candidatos, partidos pol\u00edticos e o eleitorado que vai \u00e0s urnas escolher novos prefeitos, vice-prefeitos e vereadores para os pr\u00f3ximos quatro anos.<\/p>\n\n\n\n<p>Relatadas pela vice-presidente da Corte, ministra C\u00e1rmen L\u00facia, as resolu\u00e7\u00f5es foram elaboradas a partir das normas-base, publicadas em anos anteriores. As altera\u00e7\u00f5es, pontuais, decorreram da necessidade de atualiza\u00e7\u00e3o e foram feitas ap\u00f3s ouvir as sugest\u00f5es dos Tribunais Regionais Eleitorais (TREs), de partidos pol\u00edticos, de cidad\u00e3os, de universidades e de entidades da sociedade civil em audi\u00eancias p\u00fablicas, realizadas em janeiro.<\/p>\n\n\n\n<p>Conforme explicou a relatora, as resolu\u00e7\u00f5es das elei\u00e7\u00f5es buscam dar exequibilidade e efetividade aos fins postos no sistema constitucional e na legisla\u00e7\u00e3o de reg\u00eancia, \u201ccom absoluta defer\u00eancia e respeito aos comandos do Poder Legislativo\u201d. \u201cO papel da Justi\u00e7a Eleitoral com as resolu\u00e7\u00f5es \u00e9 apenas desdobrar o que est\u00e1 posto na Constitui\u00e7\u00e3o e nas leis\u201d, ressaltou a ministra C\u00e1rmen L\u00facia, na sess\u00e3o de ter\u00e7a.<\/p>\n\n\n\n<p><strong><a href=\"https:\/\/www.tse.jus.br\/eleicoes\/eleicoes-2024\/normas-e-documentacoes\/normas-e-documentacoes-eleicoes-2024\">Confira, no Portal do TSE, todas as 12 resolu\u00e7\u00f5es que reger\u00e3o as Elei\u00e7\u00f5es 2024.<\/a><\/strong><\/p>\n\n\n\n<p><strong><em><strong><em>Acompanhe tamb\u00e9m o SE Not\u00edcias no\u00a0<a rel=\"noreferrer noopener\" href=\"https:\/\/twitter.com\/Senoticias\" target=\"_blank\">Twitter<\/a>,\u00a0<a rel=\"noreferrer noopener\" href=\"https:\/\/www.facebook.com\/senoticias1\" target=\"_blank\">Facebook<\/a>\u00a0e no\u00a0<a rel=\"noreferrer noopener\" href=\"https:\/\/www.instagram.com\/senoticias\/\" target=\"_blank\">Instagram<\/a><\/em><\/strong><\/em><\/strong><\/p>\n\n\n\n<p>Fonte: TSE<\/p>\n","protected":false},"excerpt":{"rendered":"<p>As resolu\u00e7\u00f5es que reger\u00e3o as Elei\u00e7\u00f5es Municipais de 2024 foram publicadas, nesta sexta-feira (1\u00ba), no Di\u00e1rio da Justi\u00e7a Eletr\u00f4nico do Tribunal Superior Eleitoral (TSE). As 12 normas, aprovadas pela Corte nesta ter\u00e7a-feira (27), fixam as regras do pleito, previsto para o dia 6 de outubro (1\u00ba turno). Os textos servem de diretrizes para candidatas, candidatos, [&hellip;]<\/p>\n","protected":false},"author":6557,"featured_media":0,"comment_status":"closed","ping_status":"closed","sticky":false,"template":"","format":"standard","meta":{"footnotes":""},"categories":[1],"tags":[],"class_list":{"0":"post-141366","1":"post","2":"type-post","3":"status-publish","4":"format-standard","6":"category-sem-categoria"},"_links":{"self":[{"href":"https:\/\/senoticias.com.br\/se\/wp-json\/wp\/v2\/posts\/141366"}],"collection":[{"href":"https:\/\/senoticias.com.br\/se\/wp-json\/wp\/v2\/posts"}],"about":[{"href":"https:\/\/senoticias.com.br\/se\/wp-json\/wp\/v2\/types\/post"}],"author":[{"embeddable":true,"href":"https:\/\/senoticias.com.br\/se\/wp-json\/wp\/v2\/users\/6557"}],"replies":[{"embeddable":true,"href":"https:\/\/senoticias.com.br\/se\/wp-json\/wp\/v2\/comments?post=141366"}],"version-history":[{"count":0,"href":"https:\/\/senoticias.com.br\/se\/wp-json\/wp\/v2\/posts\/141366\/revisions"}],"wp:attachment":[{"href":"https:\/\/senoticias.com.br\/se\/wp-json\/wp\/v2\/media?parent=141366"}],"wp:term":[{"taxonomy":"category","embeddable":true,"href":"https:\/\/senoticias.com.br\/se\/wp-json\/wp\/v2\/categories?post=141366"},{"taxonomy":"post_tag","embeddable":true,"href":"https:\/\/senoticias.com.br\/se\/wp-json\/wp\/v2\/tags?post=141366"}],"curies":[{"name":"wp","href":"https:\/\/api.w.org\/{rel}","templated":true}]}}