{"id":141363,"date":"2024-03-01T15:41:49","date_gmt":"2024-03-01T18:41:49","guid":{"rendered":"https:\/\/senoticias.com.br\/se\/?p=141363"},"modified":"2024-03-01T15:46:55","modified_gmt":"2024-03-01T18:46:55","slug":"dorival-junior-chama-lucas-paqueta-e-dupla-do-sao-paulo-em-1a-convocacao-da-selecao-brasileira","status":"publish","type":"post","link":"https:\/\/senoticias.com.br\/se\/dorival-junior-chama-lucas-paqueta-e-dupla-do-sao-paulo-em-1a-convocacao-da-selecao-brasileira\/","title":{"rendered":"Primeira convoca\u00e7\u00e3o de Dorival na Sele\u00e7\u00e3o tem dois jogadores de S\u00e3o Paulo e Palmeiras; veja lista"},"content":{"rendered":"\n<p><\/p>\n\n\n\n<p>O t\u00e9cnico Dorival J\u00fanior faz a sua primeira convoca\u00e7\u00e3o da Sele\u00e7\u00e3o Brasileira nesta sexta-feira, 1\u00ba. A estreia do treinador ser\u00e1 no duelo contra a&nbsp;Inglaterra, dia 23 de mar\u00e7o, e depois diante da Espanha, dia 26. Os dois compromissos s\u00e3o ser realizados na Europa.&nbsp;As partidas servem de testes para a Copa Am\u00e9rica e as Eliminat\u00f3rias para a Copa do Mundo de 2026.<\/p>\n\n\n\n<p>A expectativa pelo retorno de Lucas Paquet\u00e1, do West Ham, se confirmou. O meia ficou de fora das listas de Fernando Diniz por causa das investiga\u00e7\u00f5es sobre a sua suposta participa\u00e7\u00e3o em um esquema de apostas. O caso est\u00e1 parado desde outubro, e Dorival e a CBF entenderam que n\u00e3o existe mais conflito de interesses.<\/p>\n\n\n\n<figure class=\"wp-block-image size-large\"><img loading=\"lazy\" decoding=\"async\" width=\"596\" height=\"412\" src=\"https:\/\/senoticias.com.br\/se\/wp-content\/uploads\/2024\/03\/Dorival-convocacao-se-noticias.jpg\" alt=\"\" class=\"wp-image-141365\" srcset=\"https:\/\/senoticias.com.br\/se\/wp-content\/uploads\/2024\/03\/Dorival-convocacao-se-noticias.jpg 596w, https:\/\/senoticias.com.br\/se\/wp-content\/uploads\/2024\/03\/Dorival-convocacao-se-noticias-300x207.jpg 300w\" sizes=\"(max-width: 596px) 100vw, 596px\" \/><figcaption>Dorival Junior faz a sua primeira convoca\u00e7\u00e3o &#8211; Foto: Staff Images\/CBF<\/figcaption><\/figure>\n\n\n\n<p>Na primeira lista, Dorival convocou 26 nomes ap\u00f3s acordo com as sele\u00e7\u00f5es rivais do amistoso. Normalmente, apenas 23 atletas s\u00e3o chamados.&nbsp;Al\u00e9m do&nbsp;retorno de Paquet\u00e1, chamou a aten\u00e7\u00e3o a convoca\u00e7\u00e3o do goleiro Rafael e do volante Pablo Maia, do S\u00e3o Paulo, al\u00e9m de Andreas Pereira, que tinha cidadania belha e escolheu defender o Brasil. Veja os convocados abaixo:&nbsp;<\/p>\n\n\n\n<p><strong>Goleiros<\/strong><br>Ederson (Manchester City)<br>Bento (Athletico-PR)<br>Rafael (S\u00e3o Paulo)<\/p>\n\n\n\n<p><strong>Laterais<\/strong><br>Yan Couto (Girona)<br>Danilo (Juventus)<br>Wendell (Porto)<br>Ayrton Lucas (Flamengo)<\/p>\n\n\n\n<p><strong>Zagueiros<\/strong><br>Beraldo (PSG)<br>Marquinhos (PSG)<br>Gabriel Magalh\u00e3es (Arsenal)<br>Murilo (Palmeiras)<\/p>\n\n\n\n<p><strong>Meio-campistas<\/strong><br>Andr\u00e9 (Fluminense)<br>Andreas Pereira (Fulham)<br>Bruno Guimar\u00e3es (Newcastle)<br>Casemiro (Manchester United)<br>Jo\u00e3o Gomes (Wolverhampton)<br>Douglas Luiz (Aston Villa)<br>Pablo Maia (S\u00e3o Paulo)<br>Lucas Paquet\u00e1 (West Ham)<\/p>\n\n\n\n<p><strong>Atacantes<\/strong><br>Endrick (Palmeiras)<br>Gabriel Martinelli\u00a0(Arsenal)<br>Richarlison (Tottenham)<br>Raphinha (Barcelona)<br>Vin\u00edcius J\u00fanior (Real Madrid)<br>Rodrygo (Real Madrid)<br>Savinho (Girona)<\/p>\n\n\n\n<p>Em crise, a sele\u00e7\u00e3o brasileira n\u00e3o vence h\u00e1 quatro partidas e \u00e9 apenas a sexta colocada nas Eliminat\u00f3rias da Copa do Mundo de 2026. Dorival fez um tour pela Europa ao lado do auxiliar t\u00e9cnico Lucas Silvestre, seu filho, antes de anunciar a sua primeira lista.<\/p>\n\n\n\n<p>A maioria dos convocados se apresenta no dia 18, em Londres. A sele\u00e7\u00e3o vai treinar no centro de treinamento do Arsenal. Al\u00e9m dos amistosos com Inglaterra e Espanha, o Brasil ainda tem outro jogo antes da estreia na Copa Am\u00e9rica nos Estados Unidos. Vai encarar o M\u00e9xico, em jogo marcado para 8 de junho, ainda sem hor\u00e1rio definido.<\/p>\n\n\n\n<p><strong><em><strong><em>Acompanhe tamb\u00e9m o SE Not\u00edcias no\u00a0<a rel=\"noreferrer noopener\" href=\"https:\/\/twitter.com\/Senoticias\" target=\"_blank\">Twitter<\/a>,\u00a0<a rel=\"noreferrer noopener\" href=\"https:\/\/www.facebook.com\/senoticias1\" target=\"_blank\">Facebook<\/a>\u00a0e no\u00a0<a rel=\"noreferrer noopener\" href=\"https:\/\/www.instagram.com\/senoticias\/\" target=\"_blank\">Instagram<\/a><\/em><\/strong><\/em><\/strong><\/p>\n\n\n\n<p><em><strong>Fonte: Portal Terra<\/strong><\/em><\/p>\n","protected":false},"excerpt":{"rendered":"<p>O t\u00e9cnico Dorival J\u00fanior faz a sua primeira convoca\u00e7\u00e3o da Sele\u00e7\u00e3o Brasileira nesta sexta-feira, 1\u00ba. A estreia do treinador ser\u00e1 no duelo contra a&nbsp;Inglaterra, dia 23 de mar\u00e7o, e depois diante da Espanha, dia 26. Os dois compromissos s\u00e3o ser realizados na Europa.&nbsp;As partidas servem de testes para a Copa Am\u00e9rica e as Eliminat\u00f3rias para [&hellip;]<\/p>\n","protected":false},"author":6552,"featured_media":0,"comment_status":"closed","ping_status":"closed","sticky":false,"template":"","format":"standard","meta":{"footnotes":""},"categories":[15,26,1],"tags":[41221,41222,2602],"class_list":{"0":"post-141363","1":"post","2":"type-post","3":"status-publish","4":"format-standard","6":"category-destaques","7":"category-esportes","8":"category-sem-categoria","9":"tag-dorival-junior","10":"tag-lucas-paqueta","11":"tag-selecao-brasileira"},"_links":{"self":[{"href":"https:\/\/senoticias.com.br\/se\/wp-json\/wp\/v2\/posts\/141363"}],"collection":[{"href":"https:\/\/senoticias.com.br\/se\/wp-json\/wp\/v2\/posts"}],"about":[{"href":"https:\/\/senoticias.com.br\/se\/wp-json\/wp\/v2\/types\/post"}],"author":[{"embeddable":true,"href":"https:\/\/senoticias.com.br\/se\/wp-json\/wp\/v2\/users\/6552"}],"replies":[{"embeddable":true,"href":"https:\/\/senoticias.com.br\/se\/wp-json\/wp\/v2\/comments?post=141363"}],"version-history":[{"count":0,"href":"https:\/\/senoticias.com.br\/se\/wp-json\/wp\/v2\/posts\/141363\/revisions"}],"wp:attachment":[{"href":"https:\/\/senoticias.com.br\/se\/wp-json\/wp\/v2\/media?parent=141363"}],"wp:term":[{"taxonomy":"category","embeddable":true,"href":"https:\/\/senoticias.com.br\/se\/wp-json\/wp\/v2\/categories?post=141363"},{"taxonomy":"post_tag","embeddable":true,"href":"https:\/\/senoticias.com.br\/se\/wp-json\/wp\/v2\/tags?post=141363"}],"curies":[{"name":"wp","href":"https:\/\/api.w.org\/{rel}","templated":true}]}}