{"id":141333,"date":"2024-02-29T07:02:41","date_gmt":"2024-02-29T10:02:41","guid":{"rendered":"https:\/\/senoticias.com.br\/se\/?p=141333"},"modified":"2024-02-29T11:49:48","modified_gmt":"2024-02-29T14:49:48","slug":"bombeiro-militar-de-sergipe-que-integrava-a-forca-nacional-morre-no-rio-de-janeiro","status":"publish","type":"post","link":"https:\/\/senoticias.com.br\/se\/bombeiro-militar-de-sergipe-que-integrava-a-forca-nacional-morre-no-rio-de-janeiro\/","title":{"rendered":"Corpo do Bombeiro Militar de Sergipe que integrava a For\u00e7a Nacional ser\u00e1 sepultado Nossa Senhora das Dores"},"content":{"rendered":"\n<p>O Bombeiro Militar do Corpo de Bombeiros do Estado de Sergipe, o <strong>subtenente Jos\u00e9 Carlos Vieira Santos,<\/strong> 59 anos, faleceu nessa ter\u00e7a-feira, 27, no Rio de Janeiro. <\/p>\n\n\n\n<p>Jos\u00e9 Carlos Vieira Santos (<strong>subtenente Vieira<\/strong>), estava no Rio de Janeiro atuando na <strong>For\u00e7a Nacional de Seguran\u00e7a<\/strong>. Segundo a nota, ele morreu em um hospital, onde se tratava de complica\u00e7\u00f5es decorrentes de um Acidente Vascular Cerebral (AVC).<\/p>\n\n\n\n<p><strong>Vel\u00f3rio e sepultamento<\/strong><\/p>\n\n\n\n<p>Por volta das 10 horas o corpo do militar foicebido no Aeroporto de Aracaju e transportado em viatura da corpora\u00e7\u00e3o, passando pelo Grupamento de Busca e Salvamento (GBS), na Orla de Atalaia, e seguindo para a OSAF da rua Itaporanga, no Centro de Aracaju, onde ser\u00e1 velado. \u00c0s 15 horas segue para sepultamento no cemit\u00e9rio municipal de Nossa Senhora das Dores\/SE, sua cidade natal.<\/p>\n\n\n\n<figure class=\"wp-block-image size-large\"><img loading=\"lazy\" decoding=\"async\" width=\"588\" height=\"586\" src=\"https:\/\/senoticias.com.br\/se\/wp-content\/uploads\/2024\/02\/Subtenente-Vieira-SE-Noticias.jpg\" alt=\"\" class=\"wp-image-141342\" srcset=\"https:\/\/senoticias.com.br\/se\/wp-content\/uploads\/2024\/02\/Subtenente-Vieira-SE-Noticias.jpg 588w, https:\/\/senoticias.com.br\/se\/wp-content\/uploads\/2024\/02\/Subtenente-Vieira-SE-Noticias-300x300.jpg 300w, https:\/\/senoticias.com.br\/se\/wp-content\/uploads\/2024\/02\/Subtenente-Vieira-SE-Noticias-150x150.jpg 150w\" sizes=\"(max-width: 588px) 100vw, 588px\" \/><figcaption>Subtenente Vieira estava internado num hospital do Rio de Janeiro tratando de complica\u00e7\u00f5es decorrentes de um AVC &#8211; Foto: CBMSE<\/figcaption><\/figure>\n\n\n\n<p>\u201cReconhecido por seu profissionalismo e dedica\u00e7\u00e3o o subtenente Vieira era um dos militares do <strong>CBMSE <\/strong>atuando na For\u00e7a Nacional de Seguran\u00e7a P\u00fablica\u201d, diz a nota do Corpo de Bombeiros de Sergipe.<\/p>\n\n\n\n<p><\/p>\n\n\n\n<p>por Cleiton Alberto e Aisla Vasconcelos, do portal Infonet<\/p>\n\n\n\n<p><strong><em><strong><em>Acompanhe tamb\u00e9m o SE Not\u00edcias no&nbsp;<a rel=\"noreferrer noopener\" href=\"https:\/\/twitter.com\/Senoticias\" target=\"_blank\">Twitter<\/a>,&nbsp;<a rel=\"noreferrer noopener\" href=\"https:\/\/www.facebook.com\/senoticias1\" target=\"_blank\">Facebook<\/a>&nbsp;e no&nbsp;<a rel=\"noreferrer noopener\" href=\"https:\/\/www.instagram.com\/senoticias\/\" target=\"_blank\">Instagram<\/a><\/em><\/strong><\/em><\/strong><\/p>\n","protected":false},"excerpt":{"rendered":"<p>O Bombeiro Militar do Corpo de Bombeiros do Estado de Sergipe, o subtenente Jos\u00e9 Carlos Vieira Santos, 59 anos, faleceu nessa ter\u00e7a-feira, 27, no Rio de Janeiro. Jos\u00e9 Carlos Vieira Santos (subtenente Vieira), estava no Rio de Janeiro atuando na For\u00e7a Nacional de Seguran\u00e7a. Segundo a nota, ele morreu em um hospital, onde se tratava [&hellip;]<\/p>\n","protected":false},"author":6552,"featured_media":0,"comment_status":"closed","ping_status":"closed","sticky":false,"template":"","format":"standard","meta":{"footnotes":""},"categories":[15,7],"tags":[41205,4511,41206,41207],"class_list":{"0":"post-141333","1":"post","2":"type-post","3":"status-publish","4":"format-standard","6":"category-destaques","7":"category-policia","8":"tag-bombeiro-militar-de-sergipe","9":"tag-cbmse","10":"tag-corpo-de-bombeiros-do-estado-de-sergipe","11":"tag-forca-nacional-de-seguranca"},"_links":{"self":[{"href":"https:\/\/senoticias.com.br\/se\/wp-json\/wp\/v2\/posts\/141333"}],"collection":[{"href":"https:\/\/senoticias.com.br\/se\/wp-json\/wp\/v2\/posts"}],"about":[{"href":"https:\/\/senoticias.com.br\/se\/wp-json\/wp\/v2\/types\/post"}],"author":[{"embeddable":true,"href":"https:\/\/senoticias.com.br\/se\/wp-json\/wp\/v2\/users\/6552"}],"replies":[{"embeddable":true,"href":"https:\/\/senoticias.com.br\/se\/wp-json\/wp\/v2\/comments?post=141333"}],"version-history":[{"count":0,"href":"https:\/\/senoticias.com.br\/se\/wp-json\/wp\/v2\/posts\/141333\/revisions"}],"wp:attachment":[{"href":"https:\/\/senoticias.com.br\/se\/wp-json\/wp\/v2\/media?parent=141333"}],"wp:term":[{"taxonomy":"category","embeddable":true,"href":"https:\/\/senoticias.com.br\/se\/wp-json\/wp\/v2\/categories?post=141333"},{"taxonomy":"post_tag","embeddable":true,"href":"https:\/\/senoticias.com.br\/se\/wp-json\/wp\/v2\/tags?post=141333"}],"curies":[{"name":"wp","href":"https:\/\/api.w.org\/{rel}","templated":true}]}}