{"id":141319,"date":"2024-02-28T12:13:31","date_gmt":"2024-02-28T15:13:31","guid":{"rendered":"https:\/\/senoticias.com.br\/se\/?p=141319"},"modified":"2024-02-28T14:54:22","modified_gmt":"2024-02-28T17:54:22","slug":"operacao-desarticula-associacao-criminosa-de-trafico-de-drogas-e-intercepta-investidas-criminosas-em-sergipe","status":"publish","type":"post","link":"https:\/\/senoticias.com.br\/se\/operacao-desarticula-associacao-criminosa-de-trafico-de-drogas-e-intercepta-investidas-criminosas-em-sergipe\/","title":{"rendered":"Pol\u00edcia Civil desarticula associa\u00e7\u00e3o criminosa de tr\u00e1fico de drogas e intercepta investidas criminosas em Sergipe"},"content":{"rendered":"\n<p>Quatro homic\u00eddios que seriam cometidos nos pr\u00f3ximos dias por um grupo criminoso de tr\u00e1fico de drogas foram evitados com uma opera\u00e7\u00e3o deflagrada pela Delegacia Regional de Lagarto, nesta quarta-feira, 28. <strong>O executor dos crimes entrou em confronto com as equipes policiais e duas outras pessoas &#8211; sendo uma estudante de Direito &#8211; foram presas em flagrante. A opera\u00e7\u00e3o contou com o apoio da Coordena\u00e7\u00e3o de Opera\u00e7\u00f5es e Recursos Especiais (Core) e da Divis\u00e3o de Intelig\u00eancia (Dipol).<\/strong><\/p>\n\n\n\n<p>De acordo com as informa\u00e7\u00f5es policiais, a investiga\u00e7\u00e3o teve in\u00edcio h\u00e1 cerca de quatro meses. A apura\u00e7\u00e3o policial gira em torno da atua\u00e7\u00e3o de uma associa\u00e7\u00e3o criminosa que agia com tr\u00e1fico de drogas e homic\u00eddios, na modalidade de pistolagem.<\/p>\n\n\n\n<figure class=\"wp-block-image size-large\"><img loading=\"lazy\" decoding=\"async\" width=\"525\" height=\"483\" src=\"https:\/\/senoticias.com.br\/se\/wp-content\/uploads\/2024\/02\/Policia-Civil-se-noticias.jpg\" alt=\"\" class=\"wp-image-141329\" srcset=\"https:\/\/senoticias.com.br\/se\/wp-content\/uploads\/2024\/02\/Policia-Civil-se-noticias.jpg 525w, https:\/\/senoticias.com.br\/se\/wp-content\/uploads\/2024\/02\/Policia-Civil-se-noticias-300x276.jpg 300w\" sizes=\"(max-width: 525px) 100vw, 525px\" \/><figcaption>Executor de homic\u00eddios estava voltando para Sergipe, onde quatro novos homic\u00eddios seriam praticados pelo grupo criminoso &#8211; Foto: SSP\/SE<\/figcaption><\/figure>\n\n\n\n<p>A investiga\u00e7\u00e3o identificou que o l\u00edder do grupo gerenciava a associa\u00e7\u00e3o criminosa de dentro de uma unidade prisional. Ele ainda tentou dificultar as investiga\u00e7\u00f5es ao trocar constantemente de aparelho celular e de chip.<\/p>\n\n\n\n<p>No decorrer da apura\u00e7\u00e3o policial, a investiga\u00e7\u00e3o identificou homic\u00eddios praticados pelo grupo criminoso em Aracaju, Lagarto, Campo do Brito, S\u00e3o Domingos e Nossa Senhora das Dores.<\/p>\n\n\n\n<p>Mais quatro homic\u00eddios estavam sendo planejados para os pr\u00f3ximos dias, conforme levantamento policial. A ordem do l\u00edder do grupo era somente poupar crian\u00e7as, e matar qualquer pessoa que estivesse na resid\u00eancia dos rivais.<\/p>\n\n\n\n<p><strong>Executor de homic\u00eddios<\/strong><\/p>\n\n\n\n<p>O principal executor dos crimes tinha mandado de pris\u00e3o em aberto e estava<strong> h\u00e1 mais de 800km de Lagarto, no interior da Bahia<\/strong>. Ele foi encontrado ap\u00f3s um cerco policial no interior de Sergipe, quando retornava para Lagarto. Ele entrou em confronto com as equipes policiais, foi atingido, socorrido, mas n\u00e3o resistiu e morreu.<\/p>\n\n\n\n<p><strong>Estudante de Direito presa<\/strong><\/p>\n\n\n\n<p>Na opera\u00e7\u00e3o, uma estudante de Direito foi presa em flagrante por servir \u00e0 associa\u00e7\u00e3o criminosa alvo da opera\u00e7\u00e3o. Ela estava guardando, em sua resid\u00eancia, coletes, balaclavas, tr\u00eas armas de fogo e um equipamento rasga vergalh\u00e3o para estourar cadeados e correntes. O material seria utilizado nos homic\u00eddios e foi adquirido por um homem, preso na opera\u00e7\u00e3o.<\/p>\n\n\n\n<p><strong><em><strong><em>Acompanhe tamb\u00e9m o SE Not\u00edcias no\u00a0<a rel=\"noreferrer noopener\" href=\"https:\/\/twitter.com\/Senoticias\" target=\"_blank\">Twitter<\/a>,\u00a0<a rel=\"noreferrer noopener\" href=\"https:\/\/www.facebook.com\/senoticias1\" target=\"_blank\">Facebook<\/a>\u00a0e no\u00a0<a rel=\"noreferrer noopener\" href=\"https:\/\/www.instagram.com\/senoticias\/\" target=\"_blank\">Instagram<\/a><\/em><\/strong><\/em><\/strong><\/p>\n\n\n\n<p>Fonte: SSP\/SE<\/p>\n","protected":false},"excerpt":{"rendered":"<p>Quatro homic\u00eddios que seriam cometidos nos pr\u00f3ximos dias por um grupo criminoso de tr\u00e1fico de drogas foram evitados com uma opera\u00e7\u00e3o deflagrada pela Delegacia Regional de Lagarto, nesta quarta-feira, 28. O executor dos crimes entrou em confronto com as equipes policiais e duas outras pessoas &#8211; sendo uma estudante de Direito &#8211; foram presas em [&hellip;]<\/p>\n","protected":false},"author":6552,"featured_media":0,"comment_status":"closed","ping_status":"closed","sticky":false,"template":"","format":"standard","meta":{"footnotes":""},"categories":[15,7],"tags":[3310,41204,78,3175],"class_list":{"0":"post-141319","1":"post","2":"type-post","3":"status-publish","4":"format-standard","6":"category-destaques","7":"category-policia","8":"tag-associacao-criminosa","9":"tag-investidas-criminosas","10":"tag-policia-civil","11":"tag-trafico-de-drogas"},"_links":{"self":[{"href":"https:\/\/senoticias.com.br\/se\/wp-json\/wp\/v2\/posts\/141319"}],"collection":[{"href":"https:\/\/senoticias.com.br\/se\/wp-json\/wp\/v2\/posts"}],"about":[{"href":"https:\/\/senoticias.com.br\/se\/wp-json\/wp\/v2\/types\/post"}],"author":[{"embeddable":true,"href":"https:\/\/senoticias.com.br\/se\/wp-json\/wp\/v2\/users\/6552"}],"replies":[{"embeddable":true,"href":"https:\/\/senoticias.com.br\/se\/wp-json\/wp\/v2\/comments?post=141319"}],"version-history":[{"count":0,"href":"https:\/\/senoticias.com.br\/se\/wp-json\/wp\/v2\/posts\/141319\/revisions"}],"wp:attachment":[{"href":"https:\/\/senoticias.com.br\/se\/wp-json\/wp\/v2\/media?parent=141319"}],"wp:term":[{"taxonomy":"category","embeddable":true,"href":"https:\/\/senoticias.com.br\/se\/wp-json\/wp\/v2\/categories?post=141319"},{"taxonomy":"post_tag","embeddable":true,"href":"https:\/\/senoticias.com.br\/se\/wp-json\/wp\/v2\/tags?post=141319"}],"curies":[{"name":"wp","href":"https:\/\/api.w.org\/{rel}","templated":true}]}}