{"id":141302,"date":"2024-02-27T14:17:46","date_gmt":"2024-02-27T17:17:46","guid":{"rendered":"https:\/\/senoticias.com.br\/se\/?p=141302"},"modified":"2024-02-27T16:17:42","modified_gmt":"2024-02-27T19:17:42","slug":"afastamento-do-trabalho-por-saude-mental-cresce-38-psicologa-sergipana-explica-como-os-trabalhadores-e-as-empresas-devem-encarar-o-desafio","status":"publish","type":"post","link":"https:\/\/senoticias.com.br\/se\/afastamento-do-trabalho-por-saude-mental-cresce-38-psicologa-sergipana-explica-como-os-trabalhadores-e-as-empresas-devem-encarar-o-desafio\/","title":{"rendered":"Afastamento do trabalho por sa\u00fade mental cresce 38%; psic\u00f3loga sergipana explica como os trabalhadores e as empresas devem encarar o desafio"},"content":{"rendered":"\n<p><\/p>\n\n\n\n<p>Um levantamento do Minist\u00e9rio da Previd\u00eancia Social mostrou que os transtornos mentais est\u00e3o entre as principais causas de afastamento do trabalho no Brasil. S\u00f3 em 2023, o Instituto Nacional do Seguro Social (INSS) concedeu 288.865 benef\u00edcios por incapacidade devido \u00e0 disfun\u00e7\u00e3o da atividade cerebral e comportamental. O n\u00famero \u00e9 38% maior do que em 2022 (209.124).<\/p>\n\n\n\n<p>Em entrevista,<strong> Lidiane dos Anjos, s\u00f3cia-fundadora da Enperso Gest\u00e3o e Sa\u00fade Mental, Doutora em Psicologia pela PUC-SP<\/strong> e especialista em Psicologia, Organiza\u00e7\u00f5es e Trabalho pelo Instituto Zanelli, explicou como trabalhadores e empres\u00e1rios podem lidar com a situa\u00e7\u00e3o.<\/p>\n\n\n\n<figure class=\"wp-block-image size-large\"><img loading=\"lazy\" decoding=\"async\" width=\"594\" height=\"479\" src=\"https:\/\/senoticias.com.br\/se\/wp-content\/uploads\/2024\/02\/DRA-LIDIANE-DOS-ANJOS-se-noticias.jpg\" alt=\"\" class=\"wp-image-141316\" srcset=\"https:\/\/senoticias.com.br\/se\/wp-content\/uploads\/2024\/02\/DRA-LIDIANE-DOS-ANJOS-se-noticias.jpg 594w, https:\/\/senoticias.com.br\/se\/wp-content\/uploads\/2024\/02\/DRA-LIDIANE-DOS-ANJOS-se-noticias-300x242.jpg 300w, https:\/\/senoticias.com.br\/se\/wp-content\/uploads\/2024\/02\/DRA-LIDIANE-DOS-ANJOS-se-noticias-45x35.jpg 45w\" sizes=\"(max-width: 594px) 100vw, 594px\" \/><figcaption>Psic\u00f3loga sergipana explica como os trabalhadores e as empresas devem encarar o afastamento do trabalho por sa\u00fade mental &#8211; Foto: Rodrigo Alves<\/figcaption><\/figure>\n\n\n\n<p>O trabalho de cuidado mental nas organiza\u00e7\u00f5es \u00e9 essencial para detec\u00e7\u00e3o de sinais e sintomas. \u201c\u00c9 preciso fazer a identifica\u00e7\u00e3o de nexos causais antecipadamente evitando afastamentos por adoecimento, junto ao m\u00e9dico do trabalho atuando tamb\u00e9m de forma preventiva nas orienta\u00e7\u00f5es personalizadas para cada fun\u00e7\u00e3o, buscando ajustes de perfil e desempenho, dentre outros. O importante \u00e9 atuar conforme a real necessidade institucional, personalizando um Plano de A\u00e7\u00e3o que de fato, venha trazer caminhos poss\u00edveis de resolu\u00e7\u00e3o dos problemas diagnosticados\u201d, explica a Doutora em Psicologia.<\/p>\n\n\n\n<p>O empres\u00e1rio deve ficar atento \u00e0s formas de como afastar e reinserir o profissional que passou pela situa\u00e7\u00e3o. \u201cO trabalho precisa ser multiprofissional, inserindo a medicina do trabalho e a engenharia de seguran\u00e7a do trabalho, analisando desde aspectos relacionados \u00e0 ergonomia da atividade, tamb\u00e9m na constru\u00e7\u00e3o do PGR, bem como no PCMSO, incluindo n\u00e3o apenas o que j\u00e1 est\u00e1 posto na legisla\u00e7\u00e3o como obrigat\u00f3rio, mas buscando um cuidado totalizante do trabalhador, a partir da avalia\u00e7\u00e3o psicol\u00f3gica no ambiente de trabalho. Caso o profissional tenha indica\u00e7\u00e3o de afastamento, o di\u00e1logo precisa acontecer entre esses profissionais e o melhor direcionamento ser\u00e1 dado\u201d, orienta Dra. Lidiane.<\/p>\n\n\n\n<p>Caso o profissional trabalhe em ambiente t\u00f3xico, sem o devido olhar do chefe para quest\u00f5es de sa\u00fade mental, o trabalhador precisa buscar di\u00e1logo com um profissional de sa\u00fade da empresa, resguardando o sigilo para n\u00e3o comprometer seu v\u00ednculo empregat\u00edcio. E, n\u00e3o havendo, procurar a rede p\u00fablica de assist\u00eancia \u00e0 sa\u00fade mental.<\/p>\n\n\n\n<p>A sa\u00fade mental no ambiente corporativo est\u00e1 totalmente ligada ao sucesso das empresas.<\/p>\n\n\n\n<p>\u201cQuando atuamos com foco na sa\u00fade mental, buscamos a valoriza\u00e7\u00e3o humana e construir uma trajet\u00f3ria de engajamento profissional, em um plano de desenvolvimento individual e com ensejos no crescimento institucional. Quanto mais o trabalhador se sentir cuidado por essa institui\u00e7\u00e3o, mas ele entregar\u00e1. Havendo condi\u00e7\u00f5es de trabalho adequadas, o trabalhador aumentar\u00e1 seus indicadores de desempenho, criar\u00e1 v\u00ednculo para al\u00e9m do trabalho neste espa\u00e7o e o sentido\/significado do trabalho estar\u00e3o emaranhados com o estar no trabalho. Assim, v\u00ea- se uma rela\u00e7\u00e3o de trabalho n\u00e3o apenas como emprego, mas como realiza\u00e7\u00e3o\u201d, salienta Dra. Lidiane.<\/p>\n\n\n\n<p>As principais estrat\u00e9gias para promover a sa\u00fade mental no ambiente corporativo s\u00e3o criar um ambiente corporativo com possibilidade de v\u00ednculos; ter seguran\u00e7a psicol\u00f3gica no trabalho; executar pr\u00e1ticas\/pol\u00edticas de valoriza\u00e7\u00e3o do sujeito no seu fazer; realizar treinamentos da lideran\u00e7a para tratativa de si e das equipes com foco em aspectos subjetivos, dentre outras. \u201cEm meio a todos esses processos, ter um psic\u00f3logo (a) na empresa \u00e9 um diferencial para qualquer neg\u00f3cio. Cuidar de pessoas \u00e9 cuidar do seu neg\u00f3cio. Pessoas saud\u00e1veis, neg\u00f3cios dur\u00e1veis\u201d, finaliza.<\/p>\n\n\n\n<p><strong><em><strong><em>Acompanhe tamb\u00e9m o SE Not\u00edcias no\u00a0<a rel=\"noreferrer noopener\" href=\"https:\/\/twitter.com\/Senoticias\" target=\"_blank\">Twitter<\/a>,\u00a0<a rel=\"noreferrer noopener\" href=\"https:\/\/www.facebook.com\/senoticias1\" target=\"_blank\">Facebook<\/a>\u00a0e no\u00a0<a rel=\"noreferrer noopener\" href=\"https:\/\/www.instagram.com\/senoticias\/\" target=\"_blank\">Instagram<\/a><\/em><\/strong><\/em><\/strong><\/p>\n\n\n\n<p>Por Rodrigo Alves<\/p>\n","protected":false},"excerpt":{"rendered":"<p>Um levantamento do Minist\u00e9rio da Previd\u00eancia Social mostrou que os transtornos mentais est\u00e3o entre as principais causas de afastamento do trabalho no Brasil. S\u00f3 em 2023, o Instituto Nacional do Seguro Social (INSS) concedeu 288.865 benef\u00edcios por incapacidade devido \u00e0 disfun\u00e7\u00e3o da atividade cerebral e comportamental. O n\u00famero \u00e9 38% maior do que em 2022 [&hellip;]<\/p>\n","protected":false},"author":6552,"featured_media":0,"comment_status":"closed","ping_status":"closed","sticky":false,"template":"","format":"standard","meta":{"footnotes":""},"categories":[15,1,8],"tags":[41195,41194,13273],"class_list":{"0":"post-141302","1":"post","2":"type-post","3":"status-publish","4":"format-standard","6":"category-destaques","7":"category-sem-categoria","8":"category-esporte-e-cultura","9":"tag-afastamento-do-trabalho","10":"tag-psicologa-sergipana","11":"tag-saude-mental"},"_links":{"self":[{"href":"https:\/\/senoticias.com.br\/se\/wp-json\/wp\/v2\/posts\/141302"}],"collection":[{"href":"https:\/\/senoticias.com.br\/se\/wp-json\/wp\/v2\/posts"}],"about":[{"href":"https:\/\/senoticias.com.br\/se\/wp-json\/wp\/v2\/types\/post"}],"author":[{"embeddable":true,"href":"https:\/\/senoticias.com.br\/se\/wp-json\/wp\/v2\/users\/6552"}],"replies":[{"embeddable":true,"href":"https:\/\/senoticias.com.br\/se\/wp-json\/wp\/v2\/comments?post=141302"}],"version-history":[{"count":0,"href":"https:\/\/senoticias.com.br\/se\/wp-json\/wp\/v2\/posts\/141302\/revisions"}],"wp:attachment":[{"href":"https:\/\/senoticias.com.br\/se\/wp-json\/wp\/v2\/media?parent=141302"}],"wp:term":[{"taxonomy":"category","embeddable":true,"href":"https:\/\/senoticias.com.br\/se\/wp-json\/wp\/v2\/categories?post=141302"},{"taxonomy":"post_tag","embeddable":true,"href":"https:\/\/senoticias.com.br\/se\/wp-json\/wp\/v2\/tags?post=141302"}],"curies":[{"name":"wp","href":"https:\/\/api.w.org\/{rel}","templated":true}]}}