{"id":141284,"date":"2024-02-24T18:42:21","date_gmt":"2024-02-24T21:42:21","guid":{"rendered":"https:\/\/senoticias.com.br\/se\/?p=141284"},"modified":"2024-02-24T18:44:10","modified_gmt":"2024-02-24T21:44:10","slug":"prefeitura-de-sao-cristovao-fortalece-turismo-religioso-e-fomenta-geracao-de-renda-com-apoio-a-romaria-de-senhor-dos-passos","status":"publish","type":"post","link":"https:\/\/senoticias.com.br\/se\/prefeitura-de-sao-cristovao-fortalece-turismo-religioso-e-fomenta-geracao-de-renda-com-apoio-a-romaria-de-senhor-dos-passos\/","title":{"rendered":"Prefeitura de S\u00e3o Crist\u00f3v\u00e3o fortalece turismo religioso e fomenta gera\u00e7\u00e3o de renda com apoio \u00e0 Romaria de Senhor dos Passos"},"content":{"rendered":"\n<p><\/p>\n\n\n\n<p>De sexta-feira, 23, at\u00e9 domingo, 25, o munic\u00edpio de S\u00e3o Crist\u00f3v\u00e3o receber\u00e1 uma das maiores manifesta\u00e7\u00f5es religiosas do nordeste (<strong>veja programa\u00e7\u00e3o abaixo<\/strong>). Com o tema \u201c<strong>Nos passos de Jesus entendemos a nossa voca\u00e7\u00e3o<\/strong>\u201d, a Romaria do Senhor dos Passos, possui mais de 200 anos de hist\u00f3ria e re\u00fane anualmente cerca de 70 mil fi\u00e9is que v\u00eam de v\u00e1rias partes do pa\u00eds para expressar sua f\u00e9 na Cidade M\u00e3e de Sergipe.<\/p>\n\n\n\n<p>Entendendo a import\u00e2ncia do evento para a comunidade, a Prefeitura de S\u00e3o Crist\u00f3v\u00e3o n\u00e3o mede esfor\u00e7os, investe e mobiliza diversas secretarias para atuar no evento religioso que em 2015 foi reconhecido como Patrim\u00f4nio Cultural de Natureza Imaterial do Estado de Sergipe.<\/p>\n\n\n\n<figure class=\"wp-block-image size-large\"><img loading=\"lazy\" decoding=\"async\" width=\"598\" height=\"336\" src=\"https:\/\/senoticias.com.br\/se\/wp-content\/uploads\/2017\/03\/Festa-de-Nosso-Passos-SENOTICIAS.jpg\" alt=\"\" class=\"wp-image-101198\" srcset=\"https:\/\/senoticias.com.br\/se\/wp-content\/uploads\/2017\/03\/Festa-de-Nosso-Passos-SENOTICIAS.jpg 598w, https:\/\/senoticias.com.br\/se\/wp-content\/uploads\/2017\/03\/Festa-de-Nosso-Passos-SENOTICIAS-300x169.jpg 300w\" sizes=\"(max-width: 598px) 100vw, 598px\" \/><figcaption>Milhares de fi\u00e9is participam da Romaria do Senhor dos Passos, tradicional manifesta\u00e7\u00e3o religiosa da quarta cidade mais antiga do Brasil e primeira capital sergipana, S\u00e3o Crist\u00f3v\u00e3o -Foto: arquivo\/Or\u00e1cio Oliveira<\/figcaption><\/figure>\n\n\n\n<p>Segundo o prefeito Marcos Santana, a Romaria de Senhor dos Passos, assim como outras manifesta\u00e7\u00f5es que ocorrem na cidade, como a Prociss\u00e3o do Fogar\u00e9u e os Tapetes de Corpus Christi, s\u00e3o eventos de import\u00e2ncia fundamental que transcendem o aspecto religioso. Por essa raz\u00e3o, a Prefeitura considera indispens\u00e1vel o apoio a essas celebra\u00e7\u00f5es.<\/p>\n\n\n\n<p>\u201cO evento da Romaria de Senhor dos Passos possui uma import\u00e2ncia que vai al\u00e9m do \u00e2mbito religioso, pois atrai visitantes que v\u00eam para conhecer a celebra\u00e7\u00e3o e isso, por consequ\u00eancia, acaba contribuindo para a gera\u00e7\u00e3o de emprego e renda em nossa cidade. Portanto, a Prefeitura dedica-se com zelo e disponibiliza toda a log\u00edstica necess\u00e1ria para garantir o sucesso desse acontecimento\u201d, afirmou o gestor municipal.<\/p>\n\n\n\n<p><strong>24 de fevereiro (s\u00e1bado)<\/strong><\/p>\n\n\n\n<p>\u2022 11h \u2013 Santa Missa no Santu\u00e1rio Nossa Senhora da Vit\u00f3ria<\/p>\n\n\n\n<p>\u2022 16h \u2013 Santa Missa no Santu\u00e1rio (acolhida dos romeiros)<\/p>\n\n\n\n<p>\u2022 17h \u2013 Santa Missa na Igreja do Carmo<\/p>\n\n\n\n<p>\u2022 19h \u2013 Santa Missa na Pra\u00e7a Senhor dos Passos<\/p>\n\n\n\n<p><strong>25 de fevereiro (domingo)<\/strong><\/p>\n\n\n\n<p>Confiss\u00f5es: durante todo o dia no Convento do Carmo<\/p>\n\n\n\n<p>Visita das Imagens: Igreja Matriz: Imagem do Senhor dos Passos \/ Igreja do Carmo Menor: imagem de Nossa Senhora das Dores.<\/p>\n\n\n\n<p><strong>Missas:<\/strong><\/p>\n\n\n\n<p>\u2022 6h \u2013 Matriz\/Santu\u00e1rio<\/p>\n\n\n\n<p>\u2022 7h \u2013 Igreja do Carmo<\/p>\n\n\n\n<p>\u2022 8h \u2013 Palco ao lado da Matriz\/Santu\u00e1rio<\/p>\n\n\n\n<p>\u2022 8h \u2013 Gruta Nossa Senhora de Lurdes<\/p>\n\n\n\n<p>\u2022 9h \u2013 Igreja do Carmo<\/p>\n\n\n\n<p>\u2022 9h \u2013 Capela S\u00e3o Jo\u00e3o Batista<\/p>\n\n\n\n<p>\u2022 9h \u2013 Cristo Redentor<\/p>\n\n\n\n<p>\u2022 10h \u2013 Palco ao lado da Matriz\/santu\u00e1rio<\/p>\n\n\n\n<p>\u2022 11h \u2013 Igreja do Carmo<\/p>\n\n\n\n<p>\u2022 11h \u2013 Gruta Nossa Senhora de Lurdes<\/p>\n\n\n\n<p>\u2022 12h \u2013 Palco ao lado da Matriz\/santu\u00e1rio<\/p>\n\n\n\n<p>\u2022 13h \u2013 Igreja do Carmo<\/p>\n\n\n\n<p>\u2022 13h \u2013 Gruta Nossa Senhora de Lurdes<\/p>\n\n\n\n<p>\u2022 14h \u2013 Palco ao lado da Matriz\/santu\u00e1rio<\/p>\n\n\n\n<p>\u2022 15h \u2013 Gruta Nossa Senhora de Lurdes<\/p>\n\n\n\n<p>\u2022 16h \u2013 Sa\u00edda das Imagens para o encontro e, em seguida, o Serm\u00e3o do Encontro e o C\u00e2ntico da Ver\u00f4nica<\/p>\n\n\n\n<p>\u2022 19h \u2013 Missa de encerramento na pra\u00e7a Senhor dos Passos<\/p>\n\n\n\n<p><strong><em><strong><em>Acompanhe tamb\u00e9m o SE Not\u00edcias no\u00a0<a rel=\"noreferrer noopener\" href=\"https:\/\/twitter.com\/Senoticias\" target=\"_blank\">Twitter<\/a>,\u00a0<a rel=\"noreferrer noopener\" href=\"https:\/\/www.facebook.com\/senoticias1\" target=\"_blank\">Facebook<\/a>\u00a0e no\u00a0<a rel=\"noreferrer noopener\" href=\"https:\/\/www.instagram.com\/senoticias\/\" target=\"_blank\">Instagram<\/a><\/em><\/strong><\/em><\/strong><\/p>\n\n\n\n<p>Com informa\u00e7\u00f5es da Assessoria de Imprensa\/PMSC<\/p>\n","protected":false},"excerpt":{"rendered":"<p>De sexta-feira, 23, at\u00e9 domingo, 25, o munic\u00edpio de S\u00e3o Crist\u00f3v\u00e3o receber\u00e1 uma das maiores manifesta\u00e7\u00f5es religiosas do nordeste (veja programa\u00e7\u00e3o abaixo). Com o tema \u201cNos passos de Jesus entendemos a nossa voca\u00e7\u00e3o\u201d, a Romaria do Senhor dos Passos, possui mais de 200 anos de hist\u00f3ria e re\u00fane anualmente cerca de 70 mil fi\u00e9is que [&hellip;]<\/p>\n","protected":false},"author":6557,"featured_media":0,"comment_status":"closed","ping_status":"closed","sticky":false,"template":"","format":"standard","meta":{"footnotes":""},"categories":[15,46,1],"tags":[9569,81,8750],"class_list":{"0":"post-141284","1":"post","2":"type-post","3":"status-publish","4":"format-standard","6":"category-destaques","7":"category-religiao","8":"category-sem-categoria","9":"tag-cidade-mae-de-sergipe","10":"tag-prefeitura-de-sao-cristovao","11":"tag-romaria-de-senhor-dos-passos"},"_links":{"self":[{"href":"https:\/\/senoticias.com.br\/se\/wp-json\/wp\/v2\/posts\/141284"}],"collection":[{"href":"https:\/\/senoticias.com.br\/se\/wp-json\/wp\/v2\/posts"}],"about":[{"href":"https:\/\/senoticias.com.br\/se\/wp-json\/wp\/v2\/types\/post"}],"author":[{"embeddable":true,"href":"https:\/\/senoticias.com.br\/se\/wp-json\/wp\/v2\/users\/6557"}],"replies":[{"embeddable":true,"href":"https:\/\/senoticias.com.br\/se\/wp-json\/wp\/v2\/comments?post=141284"}],"version-history":[{"count":0,"href":"https:\/\/senoticias.com.br\/se\/wp-json\/wp\/v2\/posts\/141284\/revisions"}],"wp:attachment":[{"href":"https:\/\/senoticias.com.br\/se\/wp-json\/wp\/v2\/media?parent=141284"}],"wp:term":[{"taxonomy":"category","embeddable":true,"href":"https:\/\/senoticias.com.br\/se\/wp-json\/wp\/v2\/categories?post=141284"},{"taxonomy":"post_tag","embeddable":true,"href":"https:\/\/senoticias.com.br\/se\/wp-json\/wp\/v2\/tags?post=141284"}],"curies":[{"name":"wp","href":"https:\/\/api.w.org\/{rel}","templated":true}]}}