{"id":141278,"date":"2024-02-24T16:22:21","date_gmt":"2024-02-24T19:22:21","guid":{"rendered":"https:\/\/senoticias.com.br\/se\/?p=141278"},"modified":"2024-02-24T16:22:26","modified_gmt":"2024-02-24T19:22:26","slug":"chuvas-e-ventanias-fortes-causam-estragos-na-grande-aracaju-neste-sabado","status":"publish","type":"post","link":"https:\/\/senoticias.com.br\/se\/chuvas-e-ventanias-fortes-causam-estragos-na-grande-aracaju-neste-sabado\/","title":{"rendered":"Chuvas e ventanias fortes causam estragos na Grande Aracaju neste s\u00e1bado"},"content":{"rendered":"\n<p><\/p>\n\n\n\n<p>Um alerta de chuvas moderadas, acompanhadas de ventos fortes e raios, foi emitido para Aracaju neste s\u00e1bado (24) e vale at\u00e9 a manh\u00e3 do domingo (25). De acordo com a Defesa Civil da capital, as rajadas de ventos devem variar entre 50 e 60 quil\u00f4metros por hora, e o volume de chuvas deve ser de 30 a 60 mil\u00edmetros por dia. Destelhamentos e quedas de fios foram registrados. N\u00e3o houve feridos.<\/p>\n\n\n\n<figure class=\"wp-block-image size-large\"><img loading=\"lazy\" decoding=\"async\" width=\"600\" height=\"338\" src=\"https:\/\/senoticias.com.br\/se\/wp-content\/uploads\/2024\/02\/Ventos-fortes-SE-Noticias.jpg\" alt=\"\" class=\"wp-image-141279\" srcset=\"https:\/\/senoticias.com.br\/se\/wp-content\/uploads\/2024\/02\/Ventos-fortes-SE-Noticias.jpg 600w, https:\/\/senoticias.com.br\/se\/wp-content\/uploads\/2024\/02\/Ventos-fortes-SE-Noticias-300x169.jpg 300w\" sizes=\"(max-width: 600px) 100vw, 600px\" \/><figcaption>Telhas que ca\u00edram sobre dois ve\u00edculos ao lado do Terminal Rodovi\u00e1rio Luiz Garcia \u2014 Foto: SMTT\/Aju<\/figcaption><\/figure>\n\n\n\n<p>O setor de hortifruti do mercado central da capital foi isolado em virtude de destelhamentos, que tamb\u00e9m foram registrados em lojas da Regi\u00e3o Central e casas de v\u00e1rios bairros da cidade.<\/p>\n\n\n\n<p>Bombeiros militares atuaram para retirar telhas que ca\u00edram sobre dois ve\u00edculos ao lado do Terminal Rodovi\u00e1rio Luiz Garcia. A Travessa Jo\u00e3o Quintiliano, ao lado do Terminal Rodovi\u00e1rio Luiz Garcia, ficou bloqueada por agentes de tr\u00e2nsito durante a manh\u00e3, segundo a Superintend\u00eancia Municipal de Transporte e Tr\u00e2nsito (SMTT).<\/p>\n\n\n\n<p>No com\u00e9rcio da capital ainda houve queda de fios. Na Grande Aracaju, os ventos e chuvas tamb\u00e9m atingem S\u00e3o Crist\u00f3v\u00e3o e a Barra dos Coqueiros, onde foi registrada queda de energia. Segundo a Energisa, os ventos fortes fizeram com que objetos fossem arremessados na rede. Equipes j\u00e1 est\u00e3o atuando para restabelecer o fornecimento de energia o mais r\u00e1pido poss\u00edvel.<\/p>\n\n\n\n<p>A empresa ainda informou que, em situa\u00e7\u00f5es deste tipo, a popula\u00e7\u00e3o deve retirar os equipamentos el\u00e9tricos da tomada. Quem estiver na rua, deve evitar ficar em local aberto ou pr\u00f3ximo da rede el\u00e9trica. E, caso se depare com um cabo partido nas ruas ou cal\u00e7adas, n\u00e3o se aproxime. A Energisa pode ser acionada pelos telefones (79) 98101-0715 e 0800 079 0196.<\/p>\n\n\n\n<p><strong>Alerta<\/strong><\/p>\n\n\n\n<p>Em situa\u00e7\u00e3o de emerg\u00eancia, \u00e9 poss\u00edvel acionar a Defesa Civil de Aracaju atrav\u00e9s do servi\u00e7o 199, que funciona 24h. Tamb\u00e9m \u00e9 poss\u00edvel acionar o Corpo de Bombeiros Militar de Sergipe atrav\u00e9s do n\u00famero 193.<\/p>\n\n\n\n<p><strong><em><strong><em>Acompanhe tamb\u00e9m o SE Not\u00edcias no\u00a0<a rel=\"noreferrer noopener\" href=\"https:\/\/twitter.com\/Senoticias\" target=\"_blank\">Twitter<\/a>,\u00a0<a rel=\"noreferrer noopener\" href=\"https:\/\/www.facebook.com\/senoticias1\" target=\"_blank\">Facebook<\/a>\u00a0e no\u00a0<a rel=\"noreferrer noopener\" href=\"https:\/\/www.instagram.com\/senoticias\/\" target=\"_blank\">Instagram<\/a><\/em><\/strong><\/em><\/strong><\/p>\n\n\n\n<p>Fonte: G1\/SE<\/p>\n","protected":false},"excerpt":{"rendered":"<p>Um alerta de chuvas moderadas, acompanhadas de ventos fortes e raios, foi emitido para Aracaju neste s\u00e1bado (24) e vale at\u00e9 a manh\u00e3 do domingo (25). De acordo com a Defesa Civil da capital, as rajadas de ventos devem variar entre 50 e 60 quil\u00f4metros por hora, e o volume de chuvas deve ser de [&hellip;]<\/p>\n","protected":false},"author":6557,"featured_media":0,"comment_status":"closed","ping_status":"closed","sticky":false,"template":"","format":"standard","meta":{"footnotes":""},"categories":[15,6],"tags":[41176,119,12625],"class_list":{"0":"post-141278","1":"post","2":"type-post","3":"status-publish","4":"format-standard","6":"category-destaques","7":"category-politica","8":"tag-alerta-de-ventos-fortes","9":"tag-chuvas","10":"tag-ventos-fortes"},"_links":{"self":[{"href":"https:\/\/senoticias.com.br\/se\/wp-json\/wp\/v2\/posts\/141278"}],"collection":[{"href":"https:\/\/senoticias.com.br\/se\/wp-json\/wp\/v2\/posts"}],"about":[{"href":"https:\/\/senoticias.com.br\/se\/wp-json\/wp\/v2\/types\/post"}],"author":[{"embeddable":true,"href":"https:\/\/senoticias.com.br\/se\/wp-json\/wp\/v2\/users\/6557"}],"replies":[{"embeddable":true,"href":"https:\/\/senoticias.com.br\/se\/wp-json\/wp\/v2\/comments?post=141278"}],"version-history":[{"count":0,"href":"https:\/\/senoticias.com.br\/se\/wp-json\/wp\/v2\/posts\/141278\/revisions"}],"wp:attachment":[{"href":"https:\/\/senoticias.com.br\/se\/wp-json\/wp\/v2\/media?parent=141278"}],"wp:term":[{"taxonomy":"category","embeddable":true,"href":"https:\/\/senoticias.com.br\/se\/wp-json\/wp\/v2\/categories?post=141278"},{"taxonomy":"post_tag","embeddable":true,"href":"https:\/\/senoticias.com.br\/se\/wp-json\/wp\/v2\/tags?post=141278"}],"curies":[{"name":"wp","href":"https:\/\/api.w.org\/{rel}","templated":true}]}}