{"id":141272,"date":"2024-02-23T10:04:49","date_gmt":"2024-02-23T13:04:49","guid":{"rendered":"https:\/\/senoticias.com.br\/se\/?p=141272"},"modified":"2024-02-23T10:04:54","modified_gmt":"2024-02-23T13:04:54","slug":"carnaval-do-carro-quebrado-sera-neste-final-de-semana","status":"publish","type":"post","link":"https:\/\/senoticias.com.br\/se\/carnaval-do-carro-quebrado-sera-neste-final-de-semana\/","title":{"rendered":"Carnaval do Carro Quebrado ser\u00e1 neste final de semana"},"content":{"rendered":"\n<p>Quem j\u00e1 est\u00e1 com saudade da folia tem uma nova oportunidade para brincar a valer: Nesse final de semana ocorre em Aracaju o Carnaval Cultural do Carro Quebrado. Animada pelas orquestras Esta\u00e7\u00e3o da Luz e Gera\u00e7\u00e3o do Frevo, a ressaca carnavalesca vai acontecer no bairro S\u00e3o Jos\u00e9, a partir das 19 horas. Quem pretende se divertir nessa animada festa n\u00e3o deve levar coolers, capacetes, armas, objetos pontiagudos e de vidro durante.<\/p>\n\n\n\n<figure class=\"wp-block-image size-large\"><img loading=\"lazy\" decoding=\"async\" width=\"599\" height=\"363\" src=\"https:\/\/senoticias.com.br\/se\/wp-content\/uploads\/2024\/02\/carnaval-senoticias-1-e1708693347813.jpg\" alt=\"\" class=\"wp-image-141273\"\/><figcaption>\nCarnaval do Carro Quebrado promete atrair uma multid\u00e3o de foli\u00f5es<\/figcaption><\/figure>\n\n\n\n<p>Para garantir a tranquilidade na \u00e1rea da folia, a Superintend\u00eancia Municipal de Transportes e Tr\u00e2nsito (SMTT) promover\u00e1, nesses s\u00e1bado (24) e domingo (25), altera\u00e7\u00f5es no tr\u00e1fego de ve\u00edculos na regi\u00e3o do bairro S\u00e3o Jos\u00e9. Agentes da SMTT estar\u00e3o nas regi\u00f5es para fazer os bloqueios, auxiliar o tr\u00e2nsito e orientar os condutores. \u201c\u00c9 importante os condutores ficarem atentos aos bloqueios, as sinaliza\u00e7\u00f5es\u201d, afirma o diretor de Tr\u00e2nsito da SMTT, Thiago Alc\u00e2ntara.<\/p>\n\n\n\n<p>J\u00e1 nesta sexta-feira (23), a partir das 19h, o tr\u00e2nsito na rua Zaqueu Brand\u00e3o ser\u00e1 bloqueado para montagem do palco do evento. No s\u00e1bado, a partir das 16h, o tr\u00e2nsito ser\u00e1 interditado no cruzamento da avenida Hermes Fontes com a avenida Ed\u00e9lzio Vieira de Melo, e rua Zaqueu Brand\u00e3o. Interven\u00e7\u00f5es pontuais tamb\u00e9m ser\u00e3o feitas no cruzamento das ruas Zaqueu Brand\u00e3o e Frei Paulo. A previs\u00e3o \u00e9 de que \u00e0s 22h, do domingo, 25, o tr\u00e2nsito seja totalmente liberado.<\/p>\n\n\n\n<p>No mais, \u00e9 cair na folia porque ningu\u00e9m \u00e9 de ferro. Aff Maria!<\/p>\n\n\n\n<p><strong><em><strong><em>Acompanhe tamb\u00e9m o SE Not\u00edcias no&nbsp;<a rel=\"noreferrer noopener\" href=\"https:\/\/twitter.com\/Senoticias\" target=\"_blank\">Twitter<\/a>,&nbsp;<a rel=\"noreferrer noopener\" href=\"https:\/\/www.facebook.com\/senoticias1\" target=\"_blank\">Facebook<\/a>&nbsp;e no&nbsp;<a rel=\"noreferrer noopener\" href=\"https:\/\/www.instagram.com\/senoticias\/\" target=\"_blank\">Instagram<\/a><\/em><\/strong><\/em><\/strong><\/p>\n\n\n\n<p>Fonte:\u00a0Destaque not\u00edcias<\/p>\n","protected":false},"excerpt":{"rendered":"<p>Quem j\u00e1 est\u00e1 com saudade da folia tem uma nova oportunidade para brincar a valer: Nesse final de semana ocorre em Aracaju o Carnaval Cultural do Carro Quebrado. Animada pelas orquestras Esta\u00e7\u00e3o da Luz e Gera\u00e7\u00e3o do Frevo, a ressaca carnavalesca vai acontecer no bairro S\u00e3o Jos\u00e9, a partir das 19 horas. Quem pretende se [&hellip;]<\/p>\n","protected":false},"author":6557,"featured_media":0,"comment_status":"closed","ping_status":"closed","sticky":false,"template":"","format":"standard","meta":{"footnotes":""},"categories":[15,21],"tags":[41175],"class_list":{"0":"post-141272","1":"post","2":"type-post","3":"status-publish","4":"format-standard","6":"category-destaques","7":"category-entretenimento","8":"tag-carnaval-do-carro-quebrado"},"_links":{"self":[{"href":"https:\/\/senoticias.com.br\/se\/wp-json\/wp\/v2\/posts\/141272"}],"collection":[{"href":"https:\/\/senoticias.com.br\/se\/wp-json\/wp\/v2\/posts"}],"about":[{"href":"https:\/\/senoticias.com.br\/se\/wp-json\/wp\/v2\/types\/post"}],"author":[{"embeddable":true,"href":"https:\/\/senoticias.com.br\/se\/wp-json\/wp\/v2\/users\/6557"}],"replies":[{"embeddable":true,"href":"https:\/\/senoticias.com.br\/se\/wp-json\/wp\/v2\/comments?post=141272"}],"version-history":[{"count":0,"href":"https:\/\/senoticias.com.br\/se\/wp-json\/wp\/v2\/posts\/141272\/revisions"}],"wp:attachment":[{"href":"https:\/\/senoticias.com.br\/se\/wp-json\/wp\/v2\/media?parent=141272"}],"wp:term":[{"taxonomy":"category","embeddable":true,"href":"https:\/\/senoticias.com.br\/se\/wp-json\/wp\/v2\/categories?post=141272"},{"taxonomy":"post_tag","embeddable":true,"href":"https:\/\/senoticias.com.br\/se\/wp-json\/wp\/v2\/tags?post=141272"}],"curies":[{"name":"wp","href":"https:\/\/api.w.org\/{rel}","templated":true}]}}