{"id":141270,"date":"2024-02-23T09:57:20","date_gmt":"2024-02-23T12:57:20","guid":{"rendered":"https:\/\/senoticias.com.br\/se\/?p=141270"},"modified":"2024-02-23T11:48:12","modified_gmt":"2024-02-23T14:48:12","slug":"policia-civil-divulga-imagens-do-suspeito-de-furtar-motocicleta-em-frente-a-condominio-da-zona-sul-de-aracaju","status":"publish","type":"post","link":"https:\/\/senoticias.com.br\/se\/policia-civil-divulga-imagens-do-suspeito-de-furtar-motocicleta-em-frente-a-condominio-da-zona-sul-de-aracaju\/","title":{"rendered":"Pol\u00edcia Civil divulga imagens do suspeito de furtar motocicleta em frente a condom\u00ednio da Zona Sul de Aracaju"},"content":{"rendered":"\n<p>A Divis\u00e3o de Roubos e Furtos de Ve\u00edculos (DRFV) divulgou imagens do suspeito de furtar uma motocicleta em frente a um condom\u00ednio localizado no bairro Farol\u00e2ndia. O caso ocorreu no dia 19 de fevereiro. As imagens foram divulgadas nesta sexta-feira, 23.<\/p>\n\n\n\n<figure class=\"wp-block-image size-large\"><img loading=\"lazy\" decoding=\"async\" width=\"416\" height=\"257\" src=\"https:\/\/senoticias.com.br\/se\/wp-content\/uploads\/2024\/02\/suspeito-de-furto-se-noticias.jpg\" alt=\"\" class=\"wp-image-141275\" srcset=\"https:\/\/senoticias.com.br\/se\/wp-content\/uploads\/2024\/02\/suspeito-de-furto-se-noticias.jpg 416w, https:\/\/senoticias.com.br\/se\/wp-content\/uploads\/2024\/02\/suspeito-de-furto-se-noticias-300x185.jpg 300w\" sizes=\"(max-width: 416px) 100vw, 416px\" \/><figcaption>aso ocorreu no bairro Farol\u00e2ndia no \u00faltimo dia 19  &#8211; Foto:  divulga\u00e7\u00e3o\/SSP\/SE<\/figcaption><\/figure>\n\n\n\n<p>De acordo com as informa\u00e7\u00f5es policiais, por volta das 8h, a v\u00edtima estacionou o ve\u00edculo na avenida Capit\u00e3o Joaquim Martins Fontes, onde fica localizado o condom\u00ednio. Ao retornar, j\u00e1 \u00e0s 9h, n\u00e3o mais encontrou a motocicleta.<\/p>\n\n\n\n<p>Com a verifica\u00e7\u00e3o das imagens das c\u00e2meras de seguran\u00e7a do condom\u00ednio, identificou-se que o furto ocorreu por volta das 8h32, sendo praticado por um homem. Conforme as imagens, o homem veste uma camisa azul e cal\u00e7a bege.<\/p>\n\n\n\n<p>Ele observa a movimenta\u00e7\u00e3o no condom\u00ednio e ainda chega a entrar na portaria.<\/p>\n\n\n\n<p>A v\u00edtima registrou boletim de ocorr\u00eancia, e a DRFV iniciou as investiga\u00e7\u00f5es. O ve\u00edculo \u00e9 uma motocicleta de modelo Honda CG 150 Fan.<\/p>\n\n\n\n<p>A Pol\u00edcia Civil solicita que informa\u00e7\u00f5es e den\u00fancias que possam levar \u00e0 identifica\u00e7\u00e3o e \u00e0 localiza\u00e7\u00e3o do suspeito sejam repassadas \u00e0 pol\u00edcia por meio do Disque-Den\u00fancia, no telefone 181. O sigilo do denunciante \u00e9 garantido.<\/p>\n\n\n\n<p><strong><em><strong><em>Acompanhe tamb\u00e9m o SE Not\u00edcias no&nbsp;<a rel=\"noreferrer noopener\" href=\"https:\/\/twitter.com\/Senoticias\" target=\"_blank\">Twitter<\/a>,&nbsp;<a rel=\"noreferrer noopener\" href=\"https:\/\/www.facebook.com\/senoticias1\" target=\"_blank\">Facebook<\/a>&nbsp;e no&nbsp;<a rel=\"noreferrer noopener\" href=\"https:\/\/www.instagram.com\/senoticias\/\" target=\"_blank\">Instagram<\/a><\/em><\/strong><\/em><\/strong><\/p>\n\n\n\n<p>Fonte:\u00a0SSP\/SE<\/p>\n","protected":false},"excerpt":{"rendered":"<p>A Divis\u00e3o de Roubos e Furtos de Ve\u00edculos (DRFV) divulgou imagens do suspeito de furtar uma motocicleta em frente a um condom\u00ednio localizado no bairro Farol\u00e2ndia. O caso ocorreu no dia 19 de fevereiro. As imagens foram divulgadas nesta sexta-feira, 23. De acordo com as informa\u00e7\u00f5es policiais, por volta das 8h, a v\u00edtima estacionou o [&hellip;]<\/p>\n","protected":false},"author":6557,"featured_media":0,"comment_status":"closed","ping_status":"closed","sticky":false,"template":"","format":"standard","meta":{"footnotes":""},"categories":[15,7],"tags":[10152,41174,78],"class_list":{"0":"post-141270","1":"post","2":"type-post","3":"status-publish","4":"format-standard","6":"category-destaques","7":"category-policia","8":"tag-drfv","9":"tag-furto-de-motocicleta","10":"tag-policia-civil"},"_links":{"self":[{"href":"https:\/\/senoticias.com.br\/se\/wp-json\/wp\/v2\/posts\/141270"}],"collection":[{"href":"https:\/\/senoticias.com.br\/se\/wp-json\/wp\/v2\/posts"}],"about":[{"href":"https:\/\/senoticias.com.br\/se\/wp-json\/wp\/v2\/types\/post"}],"author":[{"embeddable":true,"href":"https:\/\/senoticias.com.br\/se\/wp-json\/wp\/v2\/users\/6557"}],"replies":[{"embeddable":true,"href":"https:\/\/senoticias.com.br\/se\/wp-json\/wp\/v2\/comments?post=141270"}],"version-history":[{"count":0,"href":"https:\/\/senoticias.com.br\/se\/wp-json\/wp\/v2\/posts\/141270\/revisions"}],"wp:attachment":[{"href":"https:\/\/senoticias.com.br\/se\/wp-json\/wp\/v2\/media?parent=141270"}],"wp:term":[{"taxonomy":"category","embeddable":true,"href":"https:\/\/senoticias.com.br\/se\/wp-json\/wp\/v2\/categories?post=141270"},{"taxonomy":"post_tag","embeddable":true,"href":"https:\/\/senoticias.com.br\/se\/wp-json\/wp\/v2\/tags?post=141270"}],"curies":[{"name":"wp","href":"https:\/\/api.w.org\/{rel}","templated":true}]}}