{"id":141258,"date":"2024-02-22T15:05:02","date_gmt":"2024-02-22T18:05:02","guid":{"rendered":"https:\/\/senoticias.com.br\/se\/?p=141258"},"modified":"2024-02-22T15:57:33","modified_gmt":"2024-02-22T18:57:33","slug":"dois-suspeitos-morrem-e-uma-mulher-e-presa-durante-operacao-policial-em-aracaju","status":"publish","type":"post","link":"https:\/\/senoticias.com.br\/se\/dois-suspeitos-morrem-e-uma-mulher-e-presa-durante-operacao-policial-em-aracaju\/","title":{"rendered":"Dois suspeitos morrem e uma mulher \u00e9 presa durante opera\u00e7\u00e3o policial em Aracaju"},"content":{"rendered":"\n<p>Uma a\u00e7\u00e3o conjunta entre o <strong>Batalh\u00e3o de Radiopatrulha (BPRp<\/strong>), do Regimento de Cavalaria Mecanizada de Motopatrulhamento (Getam) e da 4\u00aa Companhia Independente de Pol\u00edcia Militar (4\u00aa CIPM) resultou na localiza\u00e7\u00e3o de tr\u00eas armas de fogo e drogas no bairro Olaria, em Aracaju. A a\u00e7\u00e3o policial ocorreu nesta quinta-feira, 22.<\/p>\n\n\n\n<p>De acordo com as informa\u00e7\u00f5es policiais, as equipes foram comunicadas pela Delegacia de Sim\u00e3o Dias de que havia mandados judiciais pendentes de cumprimento contra um casal, sendo um mandado de apreens\u00e3o contra um suspeito e um de pris\u00e3o, contra uma mulher.<\/p>\n\n\n\n<figure class=\"wp-block-image size-large\"><img loading=\"lazy\" decoding=\"async\" width=\"594\" height=\"378\" src=\"https:\/\/senoticias.com.br\/se\/wp-content\/uploads\/2024\/02\/Armas-de-fogo-se-noticias.jpg\" alt=\"\" class=\"wp-image-141259\" srcset=\"https:\/\/senoticias.com.br\/se\/wp-content\/uploads\/2024\/02\/Armas-de-fogo-se-noticias.jpg 594w, https:\/\/senoticias.com.br\/se\/wp-content\/uploads\/2024\/02\/Armas-de-fogo-se-noticias-300x191.jpg 300w, https:\/\/senoticias.com.br\/se\/wp-content\/uploads\/2024\/02\/Armas-de-fogo-se-noticias-190x122.jpg 190w, https:\/\/senoticias.com.br\/se\/wp-content\/uploads\/2024\/02\/Armas-de-fogo-se-noticias-120x76.jpg 120w, https:\/\/senoticias.com.br\/se\/wp-content\/uploads\/2024\/02\/Armas-de-fogo-se-noticias-265x168.jpg 265w, https:\/\/senoticias.com.br\/se\/wp-content\/uploads\/2024\/02\/Armas-de-fogo-se-noticias-284x180.jpg 284w, https:\/\/senoticias.com.br\/se\/wp-content\/uploads\/2024\/02\/Armas-de-fogo-se-noticias-274x173.jpg 274w, https:\/\/senoticias.com.br\/se\/wp-content\/uploads\/2024\/02\/Armas-de-fogo-se-noticias-220x140.jpg 220w\" sizes=\"(max-width: 594px) 100vw, 594px\" \/><figcaption>Opera\u00e7\u00e3o policial termina com dois homens mortos e uma mulher presa \u2014 Foto: SSP-SE\/Ascom<\/figcaption><\/figure>\n\n\n\n<p>Conforme apura\u00e7\u00e3o policial, o casal teria praticado um homic\u00eddio em um povoado da cidade onde a v\u00edtima foi executada com mais de 12 disparos. Ap\u00f3s den\u00fancias de tr\u00e1fico de drogas, a localiza\u00e7\u00e3o dos investigados foi identificada.<\/p>\n\n\n\n<p>Diante da den\u00fancia, as equipes policiais foram ao local. Ao chegarem \u00e0 resid\u00eancia, foi feito um cerco policial. Dois suspeitos perceberam a presen\u00e7a da pol\u00edcia e passaram a fazer disparos de arma de fogo.<\/p>\n\n\n\n<p>Ao fim do confronto, foram apreendidos uma pistola .380 com dois carregadores e 36 muni\u00e7\u00f5es; e um rev\u00f3lver calibre 32, com cinco muni\u00e7\u00f5es. Tamb\u00e9m foi encontrado um rifle calibre 22 e vasta quantidade de drogas, al\u00e9m de motocicleta.<\/p>\n\n\n\n<p>Na a\u00e7\u00e3o policial, dois suspeitos acabaram morrendo &#8211; o alvo da decis\u00e3o judicial de apreens\u00e3o e um outro homem -, mesmo tendo sido prestado socorro. A mulher foi presa em cumprimento ao mandado de pris\u00e3o. O material e a suspeita foram encaminhadas \u00e0 delegacia.<\/p>\n\n\n\n<p><strong><em>Acompanhe tamb\u00e9m o SE Not\u00edcias no\u00a0<a rel=\"noreferrer noopener\" href=\"https:\/\/twitter.com\/Senoticias\" target=\"_blank\">Twitter<\/a>,\u00a0<a rel=\"noreferrer noopener\" href=\"https:\/\/www.facebook.com\/senoticias1\" target=\"_blank\">Facebook<\/a>\u00a0e no\u00a0<a rel=\"noreferrer noopener\" href=\"https:\/\/www.instagram.com\/senoticias\/\" target=\"_blank\">Instagram<\/a><\/em><\/strong><\/p>\n\n\n\n<p>Fonte: SSP\/SE<\/p>\n","protected":false},"excerpt":{"rendered":"<p>Uma a\u00e7\u00e3o conjunta entre o Batalh\u00e3o de Radiopatrulha (BPRp), do Regimento de Cavalaria Mecanizada de Motopatrulhamento (Getam) e da 4\u00aa Companhia Independente de Pol\u00edcia Militar (4\u00aa CIPM) resultou na localiza\u00e7\u00e3o de tr\u00eas armas de fogo e drogas no bairro Olaria, em Aracaju. A a\u00e7\u00e3o policial ocorreu nesta quinta-feira, 22. De acordo com as informa\u00e7\u00f5es policiais, [&hellip;]<\/p>\n","protected":false},"author":6552,"featured_media":0,"comment_status":"closed","ping_status":"closed","sticky":false,"template":"","format":"standard","meta":{"footnotes":""},"categories":[15,7],"tags":[38165,37153,41162],"class_list":{"0":"post-141258","1":"post","2":"type-post","3":"status-publish","4":"format-standard","6":"category-destaques","7":"category-policia","8":"tag-bairro-olaria","9":"tag-batalhao-de-radiopatrulha","10":"tag-duas-vitimas"},"_links":{"self":[{"href":"https:\/\/senoticias.com.br\/se\/wp-json\/wp\/v2\/posts\/141258"}],"collection":[{"href":"https:\/\/senoticias.com.br\/se\/wp-json\/wp\/v2\/posts"}],"about":[{"href":"https:\/\/senoticias.com.br\/se\/wp-json\/wp\/v2\/types\/post"}],"author":[{"embeddable":true,"href":"https:\/\/senoticias.com.br\/se\/wp-json\/wp\/v2\/users\/6552"}],"replies":[{"embeddable":true,"href":"https:\/\/senoticias.com.br\/se\/wp-json\/wp\/v2\/comments?post=141258"}],"version-history":[{"count":0,"href":"https:\/\/senoticias.com.br\/se\/wp-json\/wp\/v2\/posts\/141258\/revisions"}],"wp:attachment":[{"href":"https:\/\/senoticias.com.br\/se\/wp-json\/wp\/v2\/media?parent=141258"}],"wp:term":[{"taxonomy":"category","embeddable":true,"href":"https:\/\/senoticias.com.br\/se\/wp-json\/wp\/v2\/categories?post=141258"},{"taxonomy":"post_tag","embeddable":true,"href":"https:\/\/senoticias.com.br\/se\/wp-json\/wp\/v2\/tags?post=141258"}],"curies":[{"name":"wp","href":"https:\/\/api.w.org\/{rel}","templated":true}]}}