{"id":141256,"date":"2024-02-22T11:43:22","date_gmt":"2024-02-22T14:43:22","guid":{"rendered":"https:\/\/senoticias.com.br\/se\/?p=141256"},"modified":"2024-02-22T11:43:58","modified_gmt":"2024-02-22T14:43:58","slug":"sem-ciclovia-ciclista-morre-apos-bater-em-bicicleta-motorizada-e-ser-atropelada-por-onibus-na-zona-sul-de-aracaju","status":"publish","type":"post","link":"https:\/\/senoticias.com.br\/se\/sem-ciclovia-ciclista-morre-apos-bater-em-bicicleta-motorizada-e-ser-atropelada-por-onibus-na-zona-sul-de-aracaju\/","title":{"rendered":"Ciclista morre ap\u00f3s bater em bicicleta motorizada e ser atropelada por \u00f4nibus na Zona Sul de Aracaju"},"content":{"rendered":"\n<p>Uma ciclista, identificada como Karine Edigaray de Azevedo Barros, de 40 anos, morreu durante um acidente envolvendo a bicicleta que ela pedalava, uma bicicleta motorizada e um \u00f4nibus coletivo, na noite dessa quarta-feira (21), na Avenida Senador J\u00falio C\u00e9sar Leite, no Bairro Aeroporto, Zona Sul de Aracaju.<\/p>\n\n\n\n<figure class=\"wp-block-image size-large\"><img loading=\"lazy\" decoding=\"async\" width=\"573\" height=\"480\" src=\"https:\/\/senoticias.com.br\/se\/wp-content\/uploads\/2024\/02\/Ciclista-morre-se-noticias.jpg\" alt=\"\" class=\"wp-image-141257\" srcset=\"https:\/\/senoticias.com.br\/se\/wp-content\/uploads\/2024\/02\/Ciclista-morre-se-noticias.jpg 573w, https:\/\/senoticias.com.br\/se\/wp-content\/uploads\/2024\/02\/Ciclista-morre-se-noticias-300x251.jpg 300w\" sizes=\"(max-width: 573px) 100vw, 573px\" \/><figcaption>Segundo a BPTran, a ciclista que morreu ap\u00f3s ser atropelada pelo \u00f4nibus transitava na contram\u00e3o &#8211; Foto: BPtran<\/figcaption><\/figure>\n\n\n\n<p>De acordo com o Batalh\u00e3o de Policiamento de Tr\u00e2nsito (BPTran), as bicicletas bateram, os ciclistas ca\u00edram e a mulher foi atropelada pelo \u00f4nibus, morrendo no local. O homem foi levado a um hospital pelo Servi\u00e7o de Atendimento M\u00f3vel de Urg\u00eancia.<\/p>\n\n\n\n<p><strong><em>Acompanhe tamb\u00e9m o SE Not\u00edcias no\u00a0<a rel=\"noreferrer noopener\" href=\"https:\/\/twitter.com\/Senoticias\" target=\"_blank\">Twitter<\/a>,\u00a0<a rel=\"noreferrer noopener\" href=\"https:\/\/www.facebook.com\/senoticias1\" target=\"_blank\">Facebook<\/a>\u00a0e no\u00a0<a rel=\"noreferrer noopener\" href=\"https:\/\/www.instagram.com\/senoticias\/\" target=\"_blank\">Instagram<\/a><\/em><\/strong><\/p>\n\n\n\n<p><em>Com informa\u00e7\u00f5es do G1SE<\/em><\/p>\n","protected":false},"excerpt":{"rendered":"<p>Uma ciclista, identificada como Karine Edigaray de Azevedo Barros, de 40 anos, morreu durante um acidente envolvendo a bicicleta que ela pedalava, uma bicicleta motorizada e um \u00f4nibus coletivo, na noite dessa quarta-feira (21), na Avenida Senador J\u00falio C\u00e9sar Leite, no Bairro Aeroporto, Zona Sul de Aracaju. De acordo com o Batalh\u00e3o de Policiamento de [&hellip;]<\/p>\n","protected":false},"author":6552,"featured_media":0,"comment_status":"closed","ping_status":"closed","sticky":false,"template":"","format":"standard","meta":{"footnotes":""},"categories":[15,7],"tags":[13687],"class_list":{"0":"post-141256","1":"post","2":"type-post","3":"status-publish","4":"format-standard","6":"category-destaques","7":"category-policia","8":"tag-ciclista-morre"},"_links":{"self":[{"href":"https:\/\/senoticias.com.br\/se\/wp-json\/wp\/v2\/posts\/141256"}],"collection":[{"href":"https:\/\/senoticias.com.br\/se\/wp-json\/wp\/v2\/posts"}],"about":[{"href":"https:\/\/senoticias.com.br\/se\/wp-json\/wp\/v2\/types\/post"}],"author":[{"embeddable":true,"href":"https:\/\/senoticias.com.br\/se\/wp-json\/wp\/v2\/users\/6552"}],"replies":[{"embeddable":true,"href":"https:\/\/senoticias.com.br\/se\/wp-json\/wp\/v2\/comments?post=141256"}],"version-history":[{"count":0,"href":"https:\/\/senoticias.com.br\/se\/wp-json\/wp\/v2\/posts\/141256\/revisions"}],"wp:attachment":[{"href":"https:\/\/senoticias.com.br\/se\/wp-json\/wp\/v2\/media?parent=141256"}],"wp:term":[{"taxonomy":"category","embeddable":true,"href":"https:\/\/senoticias.com.br\/se\/wp-json\/wp\/v2\/categories?post=141256"},{"taxonomy":"post_tag","embeddable":true,"href":"https:\/\/senoticias.com.br\/se\/wp-json\/wp\/v2\/tags?post=141256"}],"curies":[{"name":"wp","href":"https:\/\/api.w.org\/{rel}","templated":true}]}}