{"id":141250,"date":"2024-02-21T15:34:00","date_gmt":"2024-02-21T18:34:00","guid":{"rendered":"https:\/\/senoticias.com.br\/se\/?p=141250"},"modified":"2024-02-21T15:34:04","modified_gmt":"2024-02-21T18:34:04","slug":"veiculos-e-imoveis-avaliados-em-r-25-milhoes-sao-apreendidos-em-sergipe","status":"publish","type":"post","link":"https:\/\/senoticias.com.br\/se\/veiculos-e-imoveis-avaliados-em-r-25-milhoes-sao-apreendidos-em-sergipe\/","title":{"rendered":"Ve\u00edculos e im\u00f3veis avaliados em R$ 2,5 milh\u00f5es s\u00e3o apreendidos em Sergipe"},"content":{"rendered":"\n<p>Cerca de R$ 2,5 milh\u00f5es em bens como ve\u00edculos e im\u00f3veis foram apreendidos em Sergipe durante opera\u00e7\u00e3o de cumprimento a decis\u00f5es judiciais para localiza\u00e7\u00e3o de patrim\u00f4nio pertencente a uma organiza\u00e7\u00e3o criminosa da Bahia. Os itens apreendidos pertenciam a um investigado que se mudou para o territ\u00f3rio sergipano a fim de promover opera\u00e7\u00f5es financeiras da organiza\u00e7\u00e3o criminosa. A a\u00e7\u00e3o policial, que foi deflagrada pela Divis\u00e3o de Narc\u00f3ticos da Delegacia Regional de Lagarto, foi divulgada nesta quarta-feira, 21.<\/p>\n\n\n\n<figure class=\"wp-block-image size-large\"><img loading=\"lazy\" decoding=\"async\" width=\"564\" height=\"423\" src=\"https:\/\/senoticias.com.br\/se\/wp-content\/uploads\/2024\/02\/Carros-de-luxo-se-noticias.jpeg\" alt=\"\" class=\"wp-image-141251\" srcset=\"https:\/\/senoticias.com.br\/se\/wp-content\/uploads\/2024\/02\/Carros-de-luxo-se-noticias.jpeg 564w, https:\/\/senoticias.com.br\/se\/wp-content\/uploads\/2024\/02\/Carros-de-luxo-se-noticias-300x225.jpeg 300w, https:\/\/senoticias.com.br\/se\/wp-content\/uploads\/2024\/02\/Carros-de-luxo-se-noticias-45x35.jpeg 45w\" sizes=\"(max-width: 564px) 100vw, 564px\" \/><figcaption>A apreens\u00e3o \u00e9 fruto da Opera\u00e7\u00e3o Rapta Bonorum. Bens pertenciam a investigado por tr\u00e1fico de drogas e lavagem de dinheiro que passou a residir em Lagarto &#8211; Foto: ascom\/SSP\/SE<\/figcaption><\/figure>\n\n\n\n<p>De acordo com as informa\u00e7\u00f5es policiais, uma opera\u00e7\u00e3o conjunta, ocorrida em dezembro do ano passado, entre a Pol\u00edcia Civil, o 7\u00ba Batalh\u00e3o da Pol\u00edcia Militar (7\u00ba BPM) de Sergipe e a PM da Bahia resultou na identifica\u00e7\u00e3o de um suspeito de liderar uma organiza\u00e7\u00e3o criminosa baiana. A opera\u00e7\u00e3o culminou na apreens\u00e3o de armas e drogas. Na a\u00e7\u00e3o policial, ocorreu confronto armado, e o investigado acabou indo a \u00f3bito.<\/p>\n\n\n\n<p>No decorrer do inqu\u00e9rito policial contra o investigado pelos crimes de tr\u00e1fico de drogas e de ordem financeira, a Pol\u00edcia Civil apurou que ele escolheu a cidade de Lagarto como local para lavagem do dinheiro proveniente do tr\u00e1fico de drogas. Conforme apura\u00e7\u00e3o policial, o esquema era feito atrav\u00e9s da compra de im\u00f3veis, ve\u00edculos de luxo e propriedades rurais, resultando em uma farta quantidade de bens de alto valor financeiro.<\/p>\n\n\n\n<p>Com a decis\u00e3o judicial emitida pela Vara Criminal da Comarca de Lagarto, a Pol\u00edcia Civil apreendeu um ve\u00edculo BMW 330i, uma caminhonete Ford Ranger FX4, tr\u00eas im\u00f3veis residenciais e uma fazenda.<\/p>\n\n\n\n<p>Diante da apreens\u00e3o dos R$ 2,5 milh\u00f5es em bens que estavam sob posse da organiza\u00e7\u00e3o criminosa, o delegado Paulo Cristiano considerou que a investiga\u00e7\u00e3o est\u00e1 conclu\u00edda. \u201cA tentativa de atua\u00e7\u00e3o dessa organiza\u00e7\u00e3o criminosa no estado foi frustrada pela a\u00e7\u00e3o das for\u00e7as policiais, demonstrando assim o empenho e a for\u00e7a da Pol\u00edcia Sergipana no combate ao crime organizado\u201d, finalizou o delegado.<\/p>\n\n\n\n<p><strong><em>Acompanhe tamb\u00e9m o SE Not\u00edcias no\u00a0<a rel=\"noreferrer noopener\" href=\"https:\/\/twitter.com\/Senoticias\" target=\"_blank\">Twitter<\/a>,\u00a0<a rel=\"noreferrer noopener\" href=\"https:\/\/www.facebook.com\/senoticias1\" target=\"_blank\">Facebook<\/a>\u00a0e no\u00a0<a rel=\"noreferrer noopener\" href=\"https:\/\/www.instagram.com\/senoticias\/\" target=\"_blank\">Instagram<\/a><\/em><\/strong><\/p>\n\n\n\n<p>Fonte: SSP\/SE<\/p>\n","protected":false},"excerpt":{"rendered":"<p>Cerca de R$ 2,5 milh\u00f5es em bens como ve\u00edculos e im\u00f3veis foram apreendidos em Sergipe durante opera\u00e7\u00e3o de cumprimento a decis\u00f5es judiciais para localiza\u00e7\u00e3o de patrim\u00f4nio pertencente a uma organiza\u00e7\u00e3o criminosa da Bahia. Os itens apreendidos pertenciam a um investigado que se mudou para o territ\u00f3rio sergipano a fim de promover opera\u00e7\u00f5es financeiras da organiza\u00e7\u00e3o [&hellip;]<\/p>\n","protected":false},"author":6557,"featured_media":0,"comment_status":"closed","ping_status":"closed","sticky":false,"template":"","format":"standard","meta":{"footnotes":""},"categories":[15,7],"tags":[41158,41159],"class_list":{"0":"post-141250","1":"post","2":"type-post","3":"status-publish","4":"format-standard","6":"category-destaques","7":"category-policia","8":"tag-operacao-rapta-bonorum","9":"tag-organizacao-criminosa-da-bahia"},"_links":{"self":[{"href":"https:\/\/senoticias.com.br\/se\/wp-json\/wp\/v2\/posts\/141250"}],"collection":[{"href":"https:\/\/senoticias.com.br\/se\/wp-json\/wp\/v2\/posts"}],"about":[{"href":"https:\/\/senoticias.com.br\/se\/wp-json\/wp\/v2\/types\/post"}],"author":[{"embeddable":true,"href":"https:\/\/senoticias.com.br\/se\/wp-json\/wp\/v2\/users\/6557"}],"replies":[{"embeddable":true,"href":"https:\/\/senoticias.com.br\/se\/wp-json\/wp\/v2\/comments?post=141250"}],"version-history":[{"count":0,"href":"https:\/\/senoticias.com.br\/se\/wp-json\/wp\/v2\/posts\/141250\/revisions"}],"wp:attachment":[{"href":"https:\/\/senoticias.com.br\/se\/wp-json\/wp\/v2\/media?parent=141250"}],"wp:term":[{"taxonomy":"category","embeddable":true,"href":"https:\/\/senoticias.com.br\/se\/wp-json\/wp\/v2\/categories?post=141250"},{"taxonomy":"post_tag","embeddable":true,"href":"https:\/\/senoticias.com.br\/se\/wp-json\/wp\/v2\/tags?post=141250"}],"curies":[{"name":"wp","href":"https:\/\/api.w.org\/{rel}","templated":true}]}}