{"id":141248,"date":"2024-02-21T14:57:12","date_gmt":"2024-02-21T17:57:12","guid":{"rendered":"https:\/\/senoticias.com.br\/se\/?p=141248"},"modified":"2024-02-21T15:00:51","modified_gmt":"2024-02-21T18:00:51","slug":"ministro-marcio-macedo-recebe-superintendente-da-sudene-e-discute-investimentos-para-sergipe","status":"publish","type":"post","link":"https:\/\/senoticias.com.br\/se\/ministro-marcio-macedo-recebe-superintendente-da-sudene-e-discute-investimentos-para-sergipe\/","title":{"rendered":"Ministro M\u00e1rcio Macedo recebe superintendente da SUDENE e discute investimentos para Sergipe"},"content":{"rendered":"\n<p>O ministro da Secretaria-Geral da Presid\u00eancia, M\u00e1rcio Macedo, recebeu nesta ter\u00e7a (20) o superintendente da Superintend\u00eancia do Desenvolvimento do Nordeste (SUDENE), Danilo Cabral, em Bras\u00edlia. Na pauta, os dois conversaram sobre a atua\u00e7\u00e3o do \u00f3rg\u00e3o e os resultados dos investimentos em 2023.<\/p>\n\n\n\n<p>Danilo Cabral tamb\u00e9m informou ao ministro que far\u00e1 uma agenda em Sergipe, seu estado natal, para anunciar os recursos positivos para o estado, que recebeu mais de R$ 8 bilh\u00f5es em incentivos fiscais da SUDENE no ano passado.<\/p>\n\n\n\n<figure class=\"wp-block-image size-large\"><img loading=\"lazy\" decoding=\"async\" width=\"588\" height=\"342\" src=\"https:\/\/senoticias.com.br\/se\/wp-content\/uploads\/2024\/02\/Marcio-macedo-se-noticias.jpg\" alt=\"\" class=\"wp-image-141249\" srcset=\"https:\/\/senoticias.com.br\/se\/wp-content\/uploads\/2024\/02\/Marcio-macedo-se-noticias.jpg 588w, https:\/\/senoticias.com.br\/se\/wp-content\/uploads\/2024\/02\/Marcio-macedo-se-noticias-300x174.jpg 300w\" sizes=\"(max-width: 588px) 100vw, 588px\" \/><figcaption>Danilo Cabral apresentou os resultados de 2023 e anunciou uma agenda em Sergipe com recursos para o estado &#8211; Foto: ascom\/M\u00e1rcio<\/figcaption><\/figure>\n\n\n\n<p>O ministro M\u00e1rcio Macedo elogiou o trabalho da SUDENE e destacou a import\u00e2ncia dos investimentos para o desenvolvimento em Sergipe. \u201cA SUDENE \u00e9 um instrumento fundamental para o Nordeste, que precisa de pol\u00edticas p\u00fablicas que reduzam as desigualdades e gerem emprego e renda. O governo federal est\u00e1 comprometido com essa agenda e apoia as iniciativas da SUDENE, que atua em \u00e1reas essenciais para o Nordeste, como infraestrutura, energia, agricultura, ind\u00fastria e inova\u00e7\u00e3o\u201d, afirmou.<\/p>\n\n\n\n<p>Danilo Cabral agradeceu o apoio do ministro e ressaltou que a SUDENE est\u00e1 ampliando sua atua\u00e7\u00e3o e levando mais desenvolvimento para a popula\u00e7\u00e3o.<\/p>\n\n\n\n<p><strong><em>Acompanhe tamb\u00e9m o SE Not\u00edcias no\u00a0<a rel=\"noreferrer noopener\" href=\"https:\/\/twitter.com\/Senoticias\" target=\"_blank\">Twitter<\/a>,\u00a0<a rel=\"noreferrer noopener\" href=\"https:\/\/www.facebook.com\/senoticias1\" target=\"_blank\">Facebook<\/a>\u00a0e no\u00a0<a rel=\"noreferrer noopener\" href=\"https:\/\/www.instagram.com\/senoticias\/\" target=\"_blank\">Instagram<\/a><\/em><\/strong><br><br>Fonte: ASCOM\/M\u00e1rcio Macedo<\/p>\n","protected":false},"excerpt":{"rendered":"<p>O ministro da Secretaria-Geral da Presid\u00eancia, M\u00e1rcio Macedo, recebeu nesta ter\u00e7a (20) o superintendente da Superintend\u00eancia do Desenvolvimento do Nordeste (SUDENE), Danilo Cabral, em Bras\u00edlia. Na pauta, os dois conversaram sobre a atua\u00e7\u00e3o do \u00f3rg\u00e3o e os resultados dos investimentos em 2023. Danilo Cabral tamb\u00e9m informou ao ministro que far\u00e1 uma agenda em Sergipe, seu [&hellip;]<\/p>\n","protected":false},"author":6557,"featured_media":0,"comment_status":"closed","ping_status":"closed","sticky":false,"template":"","format":"standard","meta":{"footnotes":""},"categories":[15,6,1],"tags":[41157,37975,11244,41156],"class_list":{"0":"post-141248","1":"post","2":"type-post","3":"status-publish","4":"format-standard","6":"category-destaques","7":"category-politica","8":"category-sem-categoria","9":"tag-danilo-cabral","10":"tag-ministro-marcio-macedo","11":"tag-sudene","12":"tag-superintendente-da-sudene"},"_links":{"self":[{"href":"https:\/\/senoticias.com.br\/se\/wp-json\/wp\/v2\/posts\/141248"}],"collection":[{"href":"https:\/\/senoticias.com.br\/se\/wp-json\/wp\/v2\/posts"}],"about":[{"href":"https:\/\/senoticias.com.br\/se\/wp-json\/wp\/v2\/types\/post"}],"author":[{"embeddable":true,"href":"https:\/\/senoticias.com.br\/se\/wp-json\/wp\/v2\/users\/6557"}],"replies":[{"embeddable":true,"href":"https:\/\/senoticias.com.br\/se\/wp-json\/wp\/v2\/comments?post=141248"}],"version-history":[{"count":0,"href":"https:\/\/senoticias.com.br\/se\/wp-json\/wp\/v2\/posts\/141248\/revisions"}],"wp:attachment":[{"href":"https:\/\/senoticias.com.br\/se\/wp-json\/wp\/v2\/media?parent=141248"}],"wp:term":[{"taxonomy":"category","embeddable":true,"href":"https:\/\/senoticias.com.br\/se\/wp-json\/wp\/v2\/categories?post=141248"},{"taxonomy":"post_tag","embeddable":true,"href":"https:\/\/senoticias.com.br\/se\/wp-json\/wp\/v2\/tags?post=141248"}],"curies":[{"name":"wp","href":"https:\/\/api.w.org\/{rel}","templated":true}]}}