{"id":141246,"date":"2024-02-21T11:28:11","date_gmt":"2024-02-21T14:28:11","guid":{"rendered":"https:\/\/senoticias.com.br\/se\/?p=141246"},"modified":"2024-02-21T11:28:19","modified_gmt":"2024-02-21T14:28:19","slug":"faculdade-8-de-julho-lanca-curso-inedito-de-prerrogativas-para-estudantes-e-advogados","status":"publish","type":"post","link":"https:\/\/senoticias.com.br\/se\/faculdade-8-de-julho-lanca-curso-inedito-de-prerrogativas-para-estudantes-e-advogados\/","title":{"rendered":"Faculdade 8 de Julho lan\u00e7a curso in\u00e9dito de Prerrogativas para estudantes e advogados"},"content":{"rendered":"\n<p>No dia de ontem, 20, a Faculdade de Direito 8 de Julho deu mais um passo rumo ao fortalecimento do conhecimento jur\u00eddico em Sergipe. A institui\u00e7\u00e3o de ensino assinou um conv\u00eanio com a Ordem dos Advogados do Brasil &#8211; Seccional Sergipe (OAB\/SE) para a oferta do curso in\u00e9dito de Prerrogativas para estudantes e profissionais de Direito no Estado.<\/p>\n\n\n\n<figure class=\"wp-block-image size-large\"><img loading=\"lazy\" decoding=\"async\" width=\"1024\" height=\"861\" src=\"https:\/\/senoticias.com.br\/se\/wp-content\/uploads\/2024\/02\/WhatsApp-Image-2024-02-21-at-08.51.21-1024x861.jpeg\" alt=\"\" class=\"wp-image-141247\"\/><\/figure>\n\n\n\n<p>A assinatura aconteceu durante a visita da Caravana Nacional em Defesa das Prerrogativas da Advocacia, no Plen\u00e1rio da OAB\/SE, e contou com os representantes da Faculdade 8 de Julho, M\u00e1rcio Conrado e Afonso Oliva, s\u00f3cio fundador e diretor de Gradua\u00e7\u00e3o, respectivamente.<\/p>\n\n\n\n<p>\u201cEsse conv\u00eanio refor\u00e7a o nosso compromisso com a excel\u00eancia acad\u00eamica e a forma\u00e7\u00e3o integral dos nossos estudantes. Estou confiante de que esse curso ser\u00e1 um marco para a Faculdade 8 de Julho e para a advocacia em nosso Estado, contribuindo para o aprimoramento da pr\u00e1tica jur\u00eddica\u201d, declarou o advogado M\u00e1rcio Conrado.<\/p>\n\n\n\n<p>Advogados que estiverem em dia com a OAB\/SE ter\u00e3o desconto na inscri\u00e7\u00e3o do curso. Mais informa\u00e7\u00f5es ser\u00e3o divulgadas em breve.<\/p>\n\n\n\n<p><strong><em>Acompanhe tamb\u00e9m o SE Not\u00edcias no&nbsp;<a rel=\"noreferrer noopener\" href=\"https:\/\/twitter.com\/Senoticias\" target=\"_blank\">Twitter<\/a>,&nbsp;<a rel=\"noreferrer noopener\" href=\"https:\/\/www.facebook.com\/senoticias1\" target=\"_blank\">Facebook<\/a>&nbsp;e no&nbsp;<a rel=\"noreferrer noopener\" href=\"https:\/\/www.instagram.com\/senoticias\/\" target=\"_blank\">Instagram<\/a><\/em><\/strong><\/p>\n\n\n\n<p><\/p>\n","protected":false},"excerpt":{"rendered":"<p>No dia de ontem, 20, a Faculdade de Direito 8 de Julho deu mais um passo rumo ao fortalecimento do conhecimento jur\u00eddico em Sergipe. A institui\u00e7\u00e3o de ensino assinou um conv\u00eanio com a Ordem dos Advogados do Brasil &#8211; Seccional Sergipe (OAB\/SE) para a oferta do curso in\u00e9dito de Prerrogativas para estudantes e profissionais de [&hellip;]<\/p>\n","protected":false},"author":6557,"featured_media":0,"comment_status":"closed","ping_status":"closed","sticky":false,"template":"","format":"standard","meta":{"footnotes":""},"categories":[15],"tags":[9928,41155,1489],"class_list":{"0":"post-141246","1":"post","2":"type-post","3":"status-publish","4":"format-standard","6":"category-destaques","7":"tag-advogados","8":"tag-faculdade-8-de-julho","9":"tag-oab-se"},"_links":{"self":[{"href":"https:\/\/senoticias.com.br\/se\/wp-json\/wp\/v2\/posts\/141246"}],"collection":[{"href":"https:\/\/senoticias.com.br\/se\/wp-json\/wp\/v2\/posts"}],"about":[{"href":"https:\/\/senoticias.com.br\/se\/wp-json\/wp\/v2\/types\/post"}],"author":[{"embeddable":true,"href":"https:\/\/senoticias.com.br\/se\/wp-json\/wp\/v2\/users\/6557"}],"replies":[{"embeddable":true,"href":"https:\/\/senoticias.com.br\/se\/wp-json\/wp\/v2\/comments?post=141246"}],"version-history":[{"count":0,"href":"https:\/\/senoticias.com.br\/se\/wp-json\/wp\/v2\/posts\/141246\/revisions"}],"wp:attachment":[{"href":"https:\/\/senoticias.com.br\/se\/wp-json\/wp\/v2\/media?parent=141246"}],"wp:term":[{"taxonomy":"category","embeddable":true,"href":"https:\/\/senoticias.com.br\/se\/wp-json\/wp\/v2\/categories?post=141246"},{"taxonomy":"post_tag","embeddable":true,"href":"https:\/\/senoticias.com.br\/se\/wp-json\/wp\/v2\/tags?post=141246"}],"curies":[{"name":"wp","href":"https:\/\/api.w.org\/{rel}","templated":true}]}}