{"id":141211,"date":"2024-02-19T09:05:21","date_gmt":"2024-02-19T12:05:21","guid":{"rendered":"https:\/\/senoticias.com.br\/se\/?p=141211"},"modified":"2024-02-19T09:05:33","modified_gmt":"2024-02-19T12:05:33","slug":"motoboy-por-aplicativo-e-preso-por-importunacao-sexual-contra-mulher-durante-corrida","status":"publish","type":"post","link":"https:\/\/senoticias.com.br\/se\/motoboy-por-aplicativo-e-preso-por-importunacao-sexual-contra-mulher-durante-corrida\/","title":{"rendered":"Motoboy por aplicativo \u00e9 preso por importuna\u00e7\u00e3o sexual contra mulher durante corrida"},"content":{"rendered":"\n<p>Um motoboy por aplicativo foi preso em flagrante por importuna\u00e7\u00e3o sexual contra um cliente durante trajeto da corrida. Ele foi detido na madrugada do \u00faltimo domingo (18).<\/p>\n\n\n\n<figure class=\"wp-block-image size-large\"><img loading=\"lazy\" decoding=\"async\" width=\"599\" height=\"418\" src=\"https:\/\/senoticias.com.br\/se\/wp-content\/uploads\/2024\/02\/preso-senoticias-1-e1708344284654.jpg\" alt=\"\" class=\"wp-image-141212\"\/><figcaption>\nV\u00edtima disse que foi tocada em partes \u00edntimas e recebeu pedidos para &#8220;ir para outro destino&#8221;; Suspeito confessou o crime<\/figcaption><\/figure>\n\n\n\n<p>Segundo a Secretaria de Seguran\u00e7a P\u00fablica, a v\u00edtima chegou \u00e0 Delegacia de Atendimento a Grupos Vulner\u00e1veis em estado de choque e com medo. Em depoimento, a mulher disse que o motoboy tocou em suas partes \u00edntimas durante o trajeto e perguntou insistentemente se ela queria ir para um outro destino.<\/p>\n\n\n\n<p>Imagens de c\u00e2meras do Ciosp auxiliaram na pris\u00e3o do motoboy. Ele confessou \u00e0 pol\u00edcia que tocou nas pernas da cliente.<\/p>\n\n\n\n<p>Crime de importuna\u00e7\u00e3o sexual pode levar a pena de um a cinco anos.<\/p>\n\n\n\n<p><strong><em>Acompanhe tamb\u00e9m o SE Not\u00edcias no&nbsp;<a rel=\"noreferrer noopener\" href=\"https:\/\/twitter.com\/Senoticias\" target=\"_blank\">Twitter<\/a>,&nbsp;<a rel=\"noreferrer noopener\" href=\"https:\/\/www.facebook.com\/senoticias1\" target=\"_blank\">Facebook<\/a>&nbsp;e no&nbsp;<a rel=\"noreferrer noopener\" href=\"https:\/\/www.instagram.com\/senoticias\/\" target=\"_blank\">Instagram<\/a><\/em><\/strong><\/p>\n\n\n\n<p>Fonte: A8 SE<\/p>\n","protected":false},"excerpt":{"rendered":"<p>Um motoboy por aplicativo foi preso em flagrante por importuna\u00e7\u00e3o sexual contra um cliente durante trajeto da corrida. Ele foi detido na madrugada do \u00faltimo domingo (18). Segundo a Secretaria de Seguran\u00e7a P\u00fablica, a v\u00edtima chegou \u00e0 Delegacia de Atendimento a Grupos Vulner\u00e1veis em estado de choque e com medo. Em depoimento, a mulher disse [&hellip;]<\/p>\n","protected":false},"author":6557,"featured_media":0,"comment_status":"closed","ping_status":"closed","sticky":false,"template":"","format":"standard","meta":{"footnotes":""},"categories":[15,7],"tags":[13777,41141],"class_list":{"0":"post-141211","1":"post","2":"type-post","3":"status-publish","4":"format-standard","6":"category-destaques","7":"category-policia","8":"tag-importunacao-sexual","9":"tag-motoboy-e-preso"},"_links":{"self":[{"href":"https:\/\/senoticias.com.br\/se\/wp-json\/wp\/v2\/posts\/141211"}],"collection":[{"href":"https:\/\/senoticias.com.br\/se\/wp-json\/wp\/v2\/posts"}],"about":[{"href":"https:\/\/senoticias.com.br\/se\/wp-json\/wp\/v2\/types\/post"}],"author":[{"embeddable":true,"href":"https:\/\/senoticias.com.br\/se\/wp-json\/wp\/v2\/users\/6557"}],"replies":[{"embeddable":true,"href":"https:\/\/senoticias.com.br\/se\/wp-json\/wp\/v2\/comments?post=141211"}],"version-history":[{"count":0,"href":"https:\/\/senoticias.com.br\/se\/wp-json\/wp\/v2\/posts\/141211\/revisions"}],"wp:attachment":[{"href":"https:\/\/senoticias.com.br\/se\/wp-json\/wp\/v2\/media?parent=141211"}],"wp:term":[{"taxonomy":"category","embeddable":true,"href":"https:\/\/senoticias.com.br\/se\/wp-json\/wp\/v2\/categories?post=141211"},{"taxonomy":"post_tag","embeddable":true,"href":"https:\/\/senoticias.com.br\/se\/wp-json\/wp\/v2\/tags?post=141211"}],"curies":[{"name":"wp","href":"https:\/\/api.w.org\/{rel}","templated":true}]}}