{"id":141152,"date":"2024-02-12T22:18:24","date_gmt":"2024-02-13T01:18:24","guid":{"rendered":"https:\/\/senoticias.com.br\/se\/?p=141152"},"modified":"2024-02-12T22:18:29","modified_gmt":"2024-02-13T01:18:29","slug":"tres-suspeitos-sao-presos-por-envolvimento-em-morte-de-jovem-apos-brigas-de-torcidas-organizadas-na-grande-aracaju","status":"publish","type":"post","link":"https:\/\/senoticias.com.br\/se\/tres-suspeitos-sao-presos-por-envolvimento-em-morte-de-jovem-apos-brigas-de-torcidas-organizadas-na-grande-aracaju\/","title":{"rendered":"Tr\u00eas suspeitos s\u00e3o presos por envolvimento em morte de jovem ap\u00f3s brigas de torcidas organizadas na Grande Aracaju"},"content":{"rendered":"\n<p><\/p>\n\n\n\n<p>O DHPP prendeu tr\u00eas dos envolvidos na briga de torcidas que culminou com a morte de um torcedor de 24 anos. Era in\u00edcio da tarde de um cl\u00e1ssico para o futebol sergipano &#8211; domingo, 4 &#8211; quando um \u00f4nibus repleto de torcedores do Sergipe que chegava ao terminal DIA e foi recepcionado por membros da torcida rival, do Confian\u00e7a, com bombas e pedradas.<\/p>\n\n\n\n<figure class=\"wp-block-image size-large\"><img loading=\"lazy\" decoding=\"async\" width=\"577\" height=\"347\" src=\"https:\/\/senoticias.com.br\/se\/wp-content\/uploads\/2024\/02\/Foragido-SE-Noticias.jpg\" alt=\"\" class=\"wp-image-141153\" srcset=\"https:\/\/senoticias.com.br\/se\/wp-content\/uploads\/2024\/02\/Foragido-SE-Noticias.jpg 577w, https:\/\/senoticias.com.br\/se\/wp-content\/uploads\/2024\/02\/Foragido-SE-Noticias-300x180.jpg 300w\" sizes=\"(max-width: 577px) 100vw, 577px\" \/><figcaption>\u00c0 esquerda, imagens do momento do crime. \u00c0 direita, o foragido Ronald da Concei\u00e7\u00e3o Silva &#8211; Fotos: Ascom SSP\/SE<\/figcaption><\/figure>\n\n\n\n<p>Ap\u00f3s apura\u00e7\u00e3o de imagens e identifica\u00e7\u00e3o dos envolvidos, o DHPP deu cumprimento a tr\u00eas mandados de pris\u00e3o de envolvidos. Foram presos tr\u00eas investigados &#8211; de 34, 22 e 18 anos. O de 18 anos foi um dos respons\u00e1veis por golpear a v\u00edtima j\u00e1 desacordada com extintor de inc\u00eandio.<\/p>\n\n\n\n<p>Encontra-se foragido Ronald da Concei\u00e7\u00e3o Silva, conhecido como Chapa. Informa\u00e7\u00f5es e den\u00fancias podem ser repassadas \u00e0 pol\u00edcia por meio do Disque-Den\u00fancia, no telefone 181. O sigilo \u00e9 garantido.<\/p>\n\n\n\n<p>Tamb\u00e9m pelo Disque-Den\u00fancia, informa\u00e7\u00f5es sobre os investigados 3, 4, 5, 7, 11 e 20 podem ser passadas \u00e0 pol\u00edcia. Eles ainda n\u00e3o foram identificados pelo DHPP.<\/p>\n\n\n\n<p><strong><em>Acompanhe tamb\u00e9m o SE Not\u00edcias no\u00a0<a rel=\"noreferrer noopener\" href=\"https:\/\/twitter.com\/Senoticias\" target=\"_blank\">Twitter<\/a>,\u00a0<a rel=\"noreferrer noopener\" href=\"https:\/\/www.facebook.com\/senoticias1\" target=\"_blank\">Facebook<\/a>\u00a0e no\u00a0<a rel=\"noreferrer noopener\" href=\"https:\/\/www.instagram.com\/senoticias\/\" target=\"_blank\">Instagram<\/a><\/em><\/strong><\/p>\n\n\n\n<p>Com informa\u00e7\u00f5es da SSP\/SE<\/p>\n","protected":false},"excerpt":{"rendered":"<p>O DHPP prendeu tr\u00eas dos envolvidos na briga de torcidas que culminou com a morte de um torcedor de 24 anos. Era in\u00edcio da tarde de um cl\u00e1ssico para o futebol sergipano &#8211; domingo, 4 &#8211; quando um \u00f4nibus repleto de torcedores do Sergipe que chegava ao terminal DIA e foi recepcionado por membros da [&hellip;]<\/p>\n","protected":false},"author":6557,"featured_media":0,"comment_status":"closed","ping_status":"closed","sticky":false,"template":"","format":"standard","meta":{"footnotes":""},"categories":[15,7],"tags":[41110,36548,6227],"class_list":{"0":"post-141152","1":"post","2":"type-post","3":"status-publish","4":"format-standard","6":"category-destaques","7":"category-policia","8":"tag-brigas-de-torcidas","9":"tag-tres-presos","10":"tag-tres-suspeitos"},"_links":{"self":[{"href":"https:\/\/senoticias.com.br\/se\/wp-json\/wp\/v2\/posts\/141152"}],"collection":[{"href":"https:\/\/senoticias.com.br\/se\/wp-json\/wp\/v2\/posts"}],"about":[{"href":"https:\/\/senoticias.com.br\/se\/wp-json\/wp\/v2\/types\/post"}],"author":[{"embeddable":true,"href":"https:\/\/senoticias.com.br\/se\/wp-json\/wp\/v2\/users\/6557"}],"replies":[{"embeddable":true,"href":"https:\/\/senoticias.com.br\/se\/wp-json\/wp\/v2\/comments?post=141152"}],"version-history":[{"count":0,"href":"https:\/\/senoticias.com.br\/se\/wp-json\/wp\/v2\/posts\/141152\/revisions"}],"wp:attachment":[{"href":"https:\/\/senoticias.com.br\/se\/wp-json\/wp\/v2\/media?parent=141152"}],"wp:term":[{"taxonomy":"category","embeddable":true,"href":"https:\/\/senoticias.com.br\/se\/wp-json\/wp\/v2\/categories?post=141152"},{"taxonomy":"post_tag","embeddable":true,"href":"https:\/\/senoticias.com.br\/se\/wp-json\/wp\/v2\/tags?post=141152"}],"curies":[{"name":"wp","href":"https:\/\/api.w.org\/{rel}","templated":true}]}}