{"id":141126,"date":"2024-02-09T11:08:05","date_gmt":"2024-02-09T14:08:05","guid":{"rendered":"https:\/\/senoticias.com.br\/se\/?p=141126"},"modified":"2024-02-09T14:52:41","modified_gmt":"2024-02-09T17:52:41","slug":"dhpp-divulga-imagens-dos-suspeitos-do-homicidio-que-vitimou-jovem-apos-atos-criminosos-promovidos-por-torcidas-organizadas","status":"publish","type":"post","link":"https:\/\/senoticias.com.br\/se\/dhpp-divulga-imagens-dos-suspeitos-do-homicidio-que-vitimou-jovem-apos-atos-criminosos-promovidos-por-torcidas-organizadas\/","title":{"rendered":"Pol\u00edcia Civil divulga imagens dos suspeitos do homic\u00eddio que vitimou jovem ap\u00f3s atos criminosos promovidos por torcidas organizadas"},"content":{"rendered":"\n<p>O Departamento de Homic\u00eddios e Prote\u00e7\u00e3o \u00e0 Pessoa (DHPP) divulgou imagens dos suspeitos do homic\u00eddio que vitimou um jovem durante atos criminosos no \u00faltimo fim de semana de jogos de futebol em Sergipe. A v\u00edtima foi agredida violentamente no Terminal DIA, na Zona Sul de Aracaju, no \u00faltimo domingo, 4.<\/p>\n\n\n\n<figure class=\"wp-block-image size-large\"><img loading=\"lazy\" decoding=\"async\" width=\"1024\" height=\"582\" src=\"https:\/\/senoticias.com.br\/se\/wp-content\/uploads\/2024\/02\/capa-organizadas-1024x582.jpg\" alt=\"\" class=\"wp-image-141127\"\/><figcaption>Agress\u00e3o fatal ocorreu no Terminal Dia ap\u00f3s briga entre torcidas organizadas &#8211; Foto: SSP\/SE<\/figcaption><\/figure>\n\n\n\n<p>As investiga\u00e7\u00f5es conduzidas pelo DHPP coletaram imagens de c\u00e2meras de seguran\u00e7a de um \u00f4nibus e tamb\u00e9m de v\u00eddeos gravados durante o ato criminoso que vitimou fatalmente um jovem. As imagens mostram os atos criminosos promovidos por integrantes de duas torcidas organizadas no terminal.<\/p>\n\n\n\n<p>Ainda nas imagens, \u00e9 poss\u00edvel identificar que os suspeitos do homic\u00eddio integram a torcida organizada de cor vermelha. Ao todo, foram captadas as imagens de 24 suspeitos.<\/p>\n\n\n\n<p><strong>Den\u00fancias<\/strong><\/p>\n\n\n\n<p>A Pol\u00edcia Civil solicita que informa\u00e7\u00f5es e den\u00fancias que possam levar \u00e0 identifica\u00e7\u00e3o e \u00e0 pris\u00e3o dos suspeitos sejam repassadas \u00e0 pol\u00edcia por meio do Disque-Den\u00fancia, no telefone 181. O sigilo \u00e9 garantido.<\/p>\n\n\n\n<p>As den\u00fancias podem ser feitas indicando de quem se trata o suspeito com as respectivas numera\u00e7\u00f5es de 1 a 24.<\/p>\n\n\n\n<p>O DHPP exemplifica citando que, para informa\u00e7\u00f5es sobre o primeiro suspeito, o denunciante deve comunicar que possui informa\u00e7\u00f5es sobre o investigado de n\u00famero um.<\/p>\n\n\n\n<p>No caso de informa\u00e7\u00f5es sobre o investigado de n\u00famero 24, por exemplo, o denunciante deve informar que possui den\u00fancias que podem levar \u00e0 localiza\u00e7\u00e3o do suspeito de n\u00famero 24.<\/p>\n\n\n\n<p><strong><em>Acompanhe tamb\u00e9m o SE Not\u00edcias no&nbsp;<a rel=\"noreferrer noopener\" href=\"https:\/\/twitter.com\/Senoticias\" target=\"_blank\">Twitter<\/a>,&nbsp;<a rel=\"noreferrer noopener\" href=\"https:\/\/www.facebook.com\/senoticias1\" target=\"_blank\">Facebook<\/a>&nbsp;e no&nbsp;<a rel=\"noreferrer noopener\" href=\"https:\/\/www.instagram.com\/senoticias\/\" target=\"_blank\">Instagram<\/a><\/em><\/strong><\/p>\n\n\n\n<p>Fonte: SSP \/SE<\/p>\n","protected":false},"excerpt":{"rendered":"<p>O Departamento de Homic\u00eddios e Prote\u00e7\u00e3o \u00e0 Pessoa (DHPP) divulgou imagens dos suspeitos do homic\u00eddio que vitimou um jovem durante atos criminosos no \u00faltimo fim de semana de jogos de futebol em Sergipe. A v\u00edtima foi agredida violentamente no Terminal DIA, na Zona Sul de Aracaju, no \u00faltimo domingo, 4. As investiga\u00e7\u00f5es conduzidas pelo DHPP [&hellip;]<\/p>\n","protected":false},"author":6557,"featured_media":0,"comment_status":"closed","ping_status":"closed","sticky":false,"template":"","format":"standard","meta":{"footnotes":""},"categories":[15,7],"tags":[2621,3500,13014],"class_list":{"0":"post-141126","1":"post","2":"type-post","3":"status-publish","4":"format-standard","6":"category-destaques","7":"category-policia","8":"tag-dhpp","9":"tag-homicidio","10":"tag-torcidas-organizadas"},"_links":{"self":[{"href":"https:\/\/senoticias.com.br\/se\/wp-json\/wp\/v2\/posts\/141126"}],"collection":[{"href":"https:\/\/senoticias.com.br\/se\/wp-json\/wp\/v2\/posts"}],"about":[{"href":"https:\/\/senoticias.com.br\/se\/wp-json\/wp\/v2\/types\/post"}],"author":[{"embeddable":true,"href":"https:\/\/senoticias.com.br\/se\/wp-json\/wp\/v2\/users\/6557"}],"replies":[{"embeddable":true,"href":"https:\/\/senoticias.com.br\/se\/wp-json\/wp\/v2\/comments?post=141126"}],"version-history":[{"count":0,"href":"https:\/\/senoticias.com.br\/se\/wp-json\/wp\/v2\/posts\/141126\/revisions"}],"wp:attachment":[{"href":"https:\/\/senoticias.com.br\/se\/wp-json\/wp\/v2\/media?parent=141126"}],"wp:term":[{"taxonomy":"category","embeddable":true,"href":"https:\/\/senoticias.com.br\/se\/wp-json\/wp\/v2\/categories?post=141126"},{"taxonomy":"post_tag","embeddable":true,"href":"https:\/\/senoticias.com.br\/se\/wp-json\/wp\/v2\/tags?post=141126"}],"curies":[{"name":"wp","href":"https:\/\/api.w.org\/{rel}","templated":true}]}}