{"id":141105,"date":"2024-02-08T09:04:10","date_gmt":"2024-02-08T12:04:10","guid":{"rendered":"https:\/\/senoticias.com.br\/se\/?p=141105"},"modified":"2024-02-08T09:04:19","modified_gmt":"2024-02-08T12:04:19","slug":"pf-bolsonaro-e-alvo-de-operacao-tem-24-horas-para-entregar-passaporte-diz-jornalista","status":"publish","type":"post","link":"https:\/\/senoticias.com.br\/se\/pf-bolsonaro-e-alvo-de-operacao-tem-24-horas-para-entregar-passaporte-diz-jornalista\/","title":{"rendered":"PF: Bolsonaro \u00e9 alvo de opera\u00e7\u00e3o tem 24 horas para entregar passaporte, diz jornalista"},"content":{"rendered":"\n<p>O ex-presidente Jair Bolsonaro foi um dos alvos da&nbsp;Opera\u00e7\u00e3o Tempus Veritatis, deflagrada pela Pol\u00edcia Federal, na manh\u00e3 desta quinta-feira, 8. Tamb\u00e9m foi determinado que ele entregue o passaporte em at\u00e9 24 horas. A informa\u00e7\u00e3o \u00e9 da M\u00f4nica Bergamo, da Folha de S. Paulo.&nbsp;<\/p>\n\n\n\n<figure class=\"wp-block-image size-large\"><img loading=\"lazy\" decoding=\"async\" width=\"599\" height=\"399\" src=\"https:\/\/senoticias.com.br\/se\/wp-content\/uploads\/2024\/02\/ex-presidente-senoticias-e1707393801529.jpg\" alt=\"\" class=\"wp-image-141106\"\/><figcaption>\nPol\u00edcia Federal apreendeu na casa de Bolsonaro celulares de assessores ligado \u00e0 ele. &#8211; Foto: REUTERS\/Ueslei Marcelino<\/figcaption><\/figure>\n\n\n\n<p>De acordo com a PF, a a\u00e7\u00e3o visa apurar a organiza\u00e7\u00e3o criminosa que atuou na tentativa de golpe de Estado e aboli\u00e7\u00e3o do Estado Democr\u00e1tico de Direito, para obter vantagem pol\u00edtica com a manuten\u00e7\u00e3o do ent\u00e3o presidente da Rep\u00fablica no poder.<\/p>\n\n\n\n<p>Na manh\u00e3 desta quinta, agentes foram at\u00e9 a casa de Bolsonaro, em&nbsp;Angra dos Reis (RJ), e apreenderam&nbsp;celulares de assessores ligado \u00e0 ele. O passaporte n\u00e3o estava l\u00e1, por isso a determina\u00e7\u00e3o.&nbsp;&#8220;Sa\u00ed do governo h\u00e1 mais de um ano e sigo sofrendo uma persegui\u00e7\u00e3o implac\u00e1vel&#8221;, declarou o ex-presidente.&nbsp;&#8220;Me esque\u00e7am, j\u00e1 tem outro governando o pa\u00eds&#8221;.&nbsp;<\/p>\n\n\n\n<p><strong>Opera\u00e7\u00e3o<\/strong><br>Entre os alvos, est\u00e3o\u00a0Braga Netto, Augusto Heleno\u00a0e o ex-ministro da Defesa Anderson Torres. O\u00a0ex-assessor especial de Bolsonaro, Filipe Martins,\u00a0Rafael Martins de Oliveira e Bernardo Rom\u00e3o foram presos. A informa\u00e7\u00e3o foi confirmada pelo Terra.<\/p>\n\n\n\n<p>Ao todo, est\u00e3o sendo cumpridos&nbsp;33 mandados de busca e apreens\u00e3o, quatro mandados de pris\u00e3o preventiva e 48 medidas cautelares diversas da pris\u00e3o,&nbsp;nos estados do Amazonas, Rio de Janeiro, S\u00e3o Paulo, Minas Gerais, Mato Grosso do Sul, Cear\u00e1, Esp\u00edrito Santo, Paran\u00e1, Goi\u00e1s e no Distrito Federal. As medidas judiciais foram expedidas pelo Supremo Tribunal Federal.<\/p>\n\n\n\n<p>As investiga\u00e7\u00f5es&nbsp;apontam que o grupo investigado se dividiu em n\u00facleos de atua\u00e7\u00e3o para disseminar a ocorr\u00eancia de fraude nas Elei\u00e7\u00f5es Presidenciais de 2022, antes mesmo da realiza\u00e7\u00e3o do pleito, para tentar viabilizar e legitimar uma interven\u00e7\u00e3o militar, em din\u00e2mica de mil\u00edcia digital.<\/p>\n\n\n\n<p>Conforme a PF, o&nbsp;primeiro eixo se baseou na constru\u00e7\u00e3o e propaga\u00e7\u00e3o da vers\u00e3o de fraude nas Elei\u00e7\u00f5es de 2022, por meio de mentiras a respeito de vulnerabilidades do sistema eletr\u00f4nico de vota\u00e7\u00e3o, discurso reiterado pelos investigados desde 2019, e que persistiu mesmo ap\u00f3s os resultados do segundo turno do pleito em 2022, em que Luiz In\u00e1cio Lula da Silva (PT)&nbsp;foi eleito.<\/p>\n\n\n\n<p>O segundo eixo de atua\u00e7\u00e3o consistiu na pr\u00e1tica de atos para subsidiar a aboli\u00e7\u00e3o do Estado Democr\u00e1tico de Direito, por meio de um golpe de Estado, com apoio de militares com conhecimentos e t\u00e1ticas de for\u00e7as especiais no ambiente politicamente sens\u00edvel.<\/p>\n\n\n\n<p>O Ex\u00e9rcito Brasileiro acompanha o cumprimento de alguns mandados, em apoio \u00e0 Pol\u00edcia Federal.<\/p>\n\n\n\n<p>Os fatos investigados configuram, em tese, os crimes de organiza\u00e7\u00e3o criminosa, aboli\u00e7\u00e3o violenta do Estado Democr\u00e1tico de Direito e golpe de Estado.<\/p>\n\n\n\n<p><strong><em>Acompanhe tamb\u00e9m o SE Not\u00edcias no&nbsp;<a rel=\"noreferrer noopener\" href=\"https:\/\/twitter.com\/Senoticias\" target=\"_blank\">Twitter<\/a>,&nbsp;<a rel=\"noreferrer noopener\" href=\"https:\/\/www.facebook.com\/senoticias1\" target=\"_blank\">Facebook<\/a>&nbsp;e no&nbsp;<a rel=\"noreferrer noopener\" href=\"https:\/\/www.instagram.com\/senoticias\/\" target=\"_blank\">Instagram<\/a><\/em><\/strong><\/p>\n\n\n\n<p>Fonte: Terra<\/p>\n","protected":false},"excerpt":{"rendered":"<p>O ex-presidente Jair Bolsonaro foi um dos alvos da&nbsp;Opera\u00e7\u00e3o Tempus Veritatis, deflagrada pela Pol\u00edcia Federal, na manh\u00e3 desta quinta-feira, 8. Tamb\u00e9m foi determinado que ele entregue o passaporte em at\u00e9 24 horas. A informa\u00e7\u00e3o \u00e9 da M\u00f4nica Bergamo, da Folha de S. Paulo.&nbsp; De acordo com a PF, a a\u00e7\u00e3o visa apurar a organiza\u00e7\u00e3o criminosa [&hellip;]<\/p>\n","protected":false},"author":6557,"featured_media":0,"comment_status":"closed","ping_status":"closed","sticky":false,"template":"","format":"standard","meta":{"footnotes":""},"categories":[15,7,6],"tags":[3272,1947],"class_list":{"0":"post-141105","1":"post","2":"type-post","3":"status-publish","4":"format-standard","6":"category-destaques","7":"category-policia","8":"category-politica","9":"tag-bolsonaro","10":"tag-policia-federal"},"_links":{"self":[{"href":"https:\/\/senoticias.com.br\/se\/wp-json\/wp\/v2\/posts\/141105"}],"collection":[{"href":"https:\/\/senoticias.com.br\/se\/wp-json\/wp\/v2\/posts"}],"about":[{"href":"https:\/\/senoticias.com.br\/se\/wp-json\/wp\/v2\/types\/post"}],"author":[{"embeddable":true,"href":"https:\/\/senoticias.com.br\/se\/wp-json\/wp\/v2\/users\/6557"}],"replies":[{"embeddable":true,"href":"https:\/\/senoticias.com.br\/se\/wp-json\/wp\/v2\/comments?post=141105"}],"version-history":[{"count":0,"href":"https:\/\/senoticias.com.br\/se\/wp-json\/wp\/v2\/posts\/141105\/revisions"}],"wp:attachment":[{"href":"https:\/\/senoticias.com.br\/se\/wp-json\/wp\/v2\/media?parent=141105"}],"wp:term":[{"taxonomy":"category","embeddable":true,"href":"https:\/\/senoticias.com.br\/se\/wp-json\/wp\/v2\/categories?post=141105"},{"taxonomy":"post_tag","embeddable":true,"href":"https:\/\/senoticias.com.br\/se\/wp-json\/wp\/v2\/tags?post=141105"}],"curies":[{"name":"wp","href":"https:\/\/api.w.org\/{rel}","templated":true}]}}