{"id":141086,"date":"2024-02-07T10:25:40","date_gmt":"2024-02-07T13:25:40","guid":{"rendered":"https:\/\/senoticias.com.br\/se\/?p=141086"},"modified":"2024-02-07T10:25:48","modified_gmt":"2024-02-07T13:25:48","slug":"programacao-dos-oficios-marca-o-inicio-da-celebracao-do-senhor-dos-passos-em-sao-cristovao","status":"publish","type":"post","link":"https:\/\/senoticias.com.br\/se\/programacao-dos-oficios-marca-o-inicio-da-celebracao-do-senhor-dos-passos-em-sao-cristovao\/","title":{"rendered":"Programa\u00e7\u00e3o dos Of\u00edcios marca o in\u00edcio da celebra\u00e7\u00e3o do Senhor dos Passos em S\u00e3o Crist\u00f3v\u00e3o"},"content":{"rendered":"\n<p>Uma das maiores manifesta\u00e7\u00f5es religiosas do estado est\u00e1 prestes a tomar as ruas de S\u00e3o Crist\u00f3v\u00e3o: a Romaria do Senhor dos Passos, uma celebra\u00e7\u00e3o com mais de 200 anos de tradi\u00e7\u00e3o, que promete reunir uma multid\u00e3o de fi\u00e9is no Centro Hist\u00f3rico da cidade.<\/p>\n\n\n\n<figure class=\"wp-block-image size-large\"><img loading=\"lazy\" decoding=\"async\" width=\"1024\" height=\"682\" src=\"https:\/\/senoticias.com.br\/se\/wp-content\/uploads\/2024\/02\/passos-sao-cristovao-1024x682.jpeg\" alt=\"\" class=\"wp-image-141087\"\/><figcaption>\nFoto: Heitor Xavier<\/figcaption><\/figure>\n\n\n\n<p>A programa\u00e7\u00e3o do evento religioso tem in\u00edcio hoje (02), com a realiza\u00e7\u00e3o dos of\u00edcios em honra do Senhor dos Passos, ocorrendo todas as sextas-feiras \u00e0s 19h, na Igreja do Carmo menor, estendendo-se at\u00e9 o dia 15 de mar\u00e7o. A culmin\u00e2ncia do evento est\u00e1 marcada para os dias 23 a 25 deste m\u00eas, seguindo a tradi\u00e7\u00e3o quaresmal, per\u00edodo de prepara\u00e7\u00e3o para a P\u00e1scoa.<\/p>\n\n\n\n<p>Promovida pela Arquidiocese de Aracaju, a Romaria do Senhor dos Passos ganhou ainda mais destaque em 2015, quando foi reconhecida como Patrim\u00f4nio Cultural de Natureza Imaterial do Estado de Sergipe. T\u00edtulo que ressalta a import\u00e2ncia hist\u00f3rica e cultural do evento para al\u00e9m do aspecto religioso, tornando-se parte integrante da identidade cultural da regi\u00e3o.<\/p>\n\n\n\n<p>A Prefeitura de S\u00e3o Crist\u00f3v\u00e3o fornece todo o suporte log\u00edstico e estrutural para viabilizar a Romaria. Diversas secretarias municipais s\u00e3o mobilizadas para garantir o sucesso do evento, mostrando o comprometimento da gest\u00e3o municipal em preservar e promover as tradi\u00e7\u00f5es culturais e religiosas da cidade.<\/p>\n\n\n\n<p>A expectativa \u00e9 que mais de 70 mil pessoas participem da Romaria do Senhor dos Passos, fortalecendo a devo\u00e7\u00e3o, al\u00e9m de movimentar a economia local com a presen\u00e7a de visitantes de diversas regi\u00f5es.<\/p>\n\n\n\n<p><strong>Programa\u00e7\u00e3o dos Of\u00edcios de Senhor dos Passos no Carmo menor<\/strong><\/p>\n\n\n\n<ul class=\"wp-block-list\"><li>1\u00ba Of\u00edcio &#8211; 02\/02<\/li><li>2\u00ba Of\u00edcio &#8211; 09\/02<\/li><li>3\u00ba Of\u00edcio &#8211; 16\/02<\/li><li>4\u00ba Of\u00edcio &#8211; 23\/02<\/li><\/ul>\n\n\n\n<p><strong>Romaria 2024 &#8211; 23,24 e 25\/02<\/strong><\/p>\n\n\n\n<ul class=\"wp-block-list\"><li>5\u00ba Of\u00edcio &#8211; 01\/03<\/li><li>6\u00ba Of\u00edcio &#8211; 08\/03<\/li><li>7\u00ba Of\u00edcio &#8211; 15\/03<\/li><\/ul>\n\n\n\n<p><strong><em>Acompanhe tamb\u00e9m o SE Not\u00edcias no&nbsp;<a rel=\"noreferrer noopener\" href=\"https:\/\/twitter.com\/Senoticias\" target=\"_blank\">Twitter<\/a>,&nbsp;<a rel=\"noreferrer noopener\" href=\"https:\/\/www.facebook.com\/senoticias1\" target=\"_blank\">Facebook<\/a>&nbsp;e no&nbsp;<a rel=\"noreferrer noopener\" href=\"https:\/\/www.instagram.com\/senoticias\/\" target=\"_blank\">Instagram<\/a><\/em><\/strong><\/p>\n\n\n\n<p>Fonte: PMSC<\/p>\n","protected":false},"excerpt":{"rendered":"<p>Uma das maiores manifesta\u00e7\u00f5es religiosas do estado est\u00e1 prestes a tomar as ruas de S\u00e3o Crist\u00f3v\u00e3o: a Romaria do Senhor dos Passos, uma celebra\u00e7\u00e3o com mais de 200 anos de tradi\u00e7\u00e3o, que promete reunir uma multid\u00e3o de fi\u00e9is no Centro Hist\u00f3rico da cidade. A programa\u00e7\u00e3o do evento religioso tem in\u00edcio hoje (02), com a realiza\u00e7\u00e3o [&hellip;]<\/p>\n","protected":false},"author":6557,"featured_media":0,"comment_status":"closed","ping_status":"closed","sticky":false,"template":"","format":"standard","meta":{"footnotes":""},"categories":[15],"tags":[8322,15746],"class_list":{"0":"post-141086","1":"post","2":"type-post","3":"status-publish","4":"format-standard","6":"category-destaques","7":"tag-romaria-do-senhor-dos-passos","8":"tag-sao-cristovao-2"},"_links":{"self":[{"href":"https:\/\/senoticias.com.br\/se\/wp-json\/wp\/v2\/posts\/141086"}],"collection":[{"href":"https:\/\/senoticias.com.br\/se\/wp-json\/wp\/v2\/posts"}],"about":[{"href":"https:\/\/senoticias.com.br\/se\/wp-json\/wp\/v2\/types\/post"}],"author":[{"embeddable":true,"href":"https:\/\/senoticias.com.br\/se\/wp-json\/wp\/v2\/users\/6557"}],"replies":[{"embeddable":true,"href":"https:\/\/senoticias.com.br\/se\/wp-json\/wp\/v2\/comments?post=141086"}],"version-history":[{"count":0,"href":"https:\/\/senoticias.com.br\/se\/wp-json\/wp\/v2\/posts\/141086\/revisions"}],"wp:attachment":[{"href":"https:\/\/senoticias.com.br\/se\/wp-json\/wp\/v2\/media?parent=141086"}],"wp:term":[{"taxonomy":"category","embeddable":true,"href":"https:\/\/senoticias.com.br\/se\/wp-json\/wp\/v2\/categories?post=141086"},{"taxonomy":"post_tag","embeddable":true,"href":"https:\/\/senoticias.com.br\/se\/wp-json\/wp\/v2\/tags?post=141086"}],"curies":[{"name":"wp","href":"https:\/\/api.w.org\/{rel}","templated":true}]}}