{"id":141067,"date":"2024-02-06T10:15:49","date_gmt":"2024-02-06T13:15:49","guid":{"rendered":"https:\/\/senoticias.com.br\/se\/?p=141067"},"modified":"2024-02-06T10:15:56","modified_gmt":"2024-02-06T13:15:56","slug":"carnaval-2024-governo-de-sergipe-e-prefeitura-de-aracaju-decretam-ponto-facultativo","status":"publish","type":"post","link":"https:\/\/senoticias.com.br\/se\/carnaval-2024-governo-de-sergipe-e-prefeitura-de-aracaju-decretam-ponto-facultativo\/","title":{"rendered":"Carnaval 2024: governo de Sergipe e prefeitura de Aracaju decretam ponto facultativo"},"content":{"rendered":"\n<p>O governo de Sergipe e a Prefeitura de Aracaju estabeleceram ponto facultativo para os servidores da pr\u00f3xima segunda-feira (12) at\u00e9 a quarta-feira (14), por conta das festividades carnavalescas. A informa\u00e7\u00e3o foi confirmada ao g1 nesta segunda-feira (5).<\/p>\n\n\n\n<figure class=\"wp-block-image size-large\"><img loading=\"lazy\" decoding=\"async\" width=\"599\" height=\"399\" src=\"https:\/\/senoticias.com.br\/se\/wp-content\/uploads\/2024\/02\/carnaval-senoticias-e1707225281343.jpg\" alt=\"\" class=\"wp-image-141070\"\/><figcaption>\nMultid\u00e3o no Bloco Rasgadinho pelas ruas do Bairro Cirurgia em Aracaju (SE) \u2014 Foto: ASN\/ Arquivo<\/figcaption><\/figure>\n\n\n\n<p>A medida estabelece ponto facultativo nas reparti\u00e7\u00f5es p\u00fablicas municipais e estaduais. No dia 14, Quarta-feira de Cinzas, a folga aos servidores \u00e9 v\u00e1lida por todo o expediente.<\/p>\n\n\n\n<p>Segundo os decretos, as medidas n\u00e3o se aplicam \u00e0s atividades consideradas essenciais ou de urg\u00eancia, a exemplo dos servi\u00e7os de sa\u00fade e seguran\u00e7a p\u00fablica.<\/p>\n\n\n\n<p><strong><em>Acompanhe tamb\u00e9m o SE Not\u00edcias no\u00a0<a rel=\"noreferrer noopener\" href=\"https:\/\/twitter.com\/Senoticias\" target=\"_blank\">Twitter<\/a>,\u00a0<a rel=\"noreferrer noopener\" href=\"https:\/\/www.facebook.com\/senoticias1\" target=\"_blank\">Facebook<\/a>\u00a0e no\u00a0<a rel=\"noreferrer noopener\" href=\"https:\/\/www.instagram.com\/senoticias\/\" target=\"_blank\">Instagram<\/a><\/em><\/strong><\/p>\n\n\n\n<p>Fonte: G1 SE<\/p>\n","protected":false},"excerpt":{"rendered":"<p>O governo de Sergipe e a Prefeitura de Aracaju estabeleceram ponto facultativo para os servidores da pr\u00f3xima segunda-feira (12) at\u00e9 a quarta-feira (14), por conta das festividades carnavalescas. A informa\u00e7\u00e3o foi confirmada ao g1 nesta segunda-feira (5). A medida estabelece ponto facultativo nas reparti\u00e7\u00f5es p\u00fablicas municipais e estaduais. No dia 14, Quarta-feira de Cinzas, a [&hellip;]<\/p>\n","protected":false},"author":6557,"featured_media":0,"comment_status":"closed","ping_status":"closed","sticky":false,"template":"","format":"standard","meta":{"footnotes":""},"categories":[15,21,6],"tags":[41029,16046,16317,213],"class_list":{"0":"post-141067","1":"post","2":"type-post","3":"status-publish","4":"format-standard","6":"category-destaques","7":"category-entretenimento","8":"category-politica","9":"tag-carnaval-2024","10":"tag-governo-de-de-sergipe","11":"tag-ponto-facultativo-do-carnaval","12":"tag-prefeitura-de-aracaju"},"_links":{"self":[{"href":"https:\/\/senoticias.com.br\/se\/wp-json\/wp\/v2\/posts\/141067"}],"collection":[{"href":"https:\/\/senoticias.com.br\/se\/wp-json\/wp\/v2\/posts"}],"about":[{"href":"https:\/\/senoticias.com.br\/se\/wp-json\/wp\/v2\/types\/post"}],"author":[{"embeddable":true,"href":"https:\/\/senoticias.com.br\/se\/wp-json\/wp\/v2\/users\/6557"}],"replies":[{"embeddable":true,"href":"https:\/\/senoticias.com.br\/se\/wp-json\/wp\/v2\/comments?post=141067"}],"version-history":[{"count":0,"href":"https:\/\/senoticias.com.br\/se\/wp-json\/wp\/v2\/posts\/141067\/revisions"}],"wp:attachment":[{"href":"https:\/\/senoticias.com.br\/se\/wp-json\/wp\/v2\/media?parent=141067"}],"wp:term":[{"taxonomy":"category","embeddable":true,"href":"https:\/\/senoticias.com.br\/se\/wp-json\/wp\/v2\/categories?post=141067"},{"taxonomy":"post_tag","embeddable":true,"href":"https:\/\/senoticias.com.br\/se\/wp-json\/wp\/v2\/tags?post=141067"}],"curies":[{"name":"wp","href":"https:\/\/api.w.org\/{rel}","templated":true}]}}