{"id":141038,"date":"2024-02-04T18:40:57","date_gmt":"2024-02-04T21:40:57","guid":{"rendered":"https:\/\/senoticias.com.br\/se\/?p=141038"},"modified":"2024-02-04T18:41:02","modified_gmt":"2024-02-04T21:41:02","slug":"confusao-envolvendo-torcidas-organizadas-deixa-tres-feridos-na-grande-aracaju","status":"publish","type":"post","link":"https:\/\/senoticias.com.br\/se\/confusao-envolvendo-torcidas-organizadas-deixa-tres-feridos-na-grande-aracaju\/","title":{"rendered":"Confus\u00e3o envolvendo torcidas organizadas deixa tr\u00eas feridos na Grande Aracaju"},"content":{"rendered":"\n<p>Pelo menos tr\u00eas pessoas ficaram feridas em brigas envolvendo torcidas organizadas, na tarde deste domingo (4), na Grande Aracaju. A Secretaria de Estado da Sa\u00fade (SES) informou que tr\u00eas pacientes foram admitidos no Hospital de Urg\u00eancias de Sergipe Governador Jo\u00e3o Alves (Huse), v\u00edtimas de agress\u00e3o f\u00edsica.<\/p>\n\n\n\n<p>Ainda de acordo com a SES, entre os atendidos, um paciente est\u00e1 em estado grave, entubado e sem identifica\u00e7\u00e3o.<\/p>\n\n\n\n<figure class=\"wp-block-image size-large\"><img loading=\"lazy\" decoding=\"async\" width=\"598\" height=\"519\" src=\"https:\/\/senoticias.com.br\/se\/wp-content\/uploads\/2024\/02\/torcida-organiza-se-noticias.jpg\" alt=\"\" class=\"wp-image-141039\" srcset=\"https:\/\/senoticias.com.br\/se\/wp-content\/uploads\/2024\/02\/torcida-organiza-se-noticias.jpg 598w, https:\/\/senoticias.com.br\/se\/wp-content\/uploads\/2024\/02\/torcida-organiza-se-noticias-300x260.jpg 300w\" sizes=\"(max-width: 598px) 100vw, 598px\" \/><figcaption>As v\u00edtimas foram levadas para o Hospital de Urg\u00eancias de Sergipe &#8211; Foto: redes sociais<\/figcaption><\/figure>\n\n\n\n<p>De acordo com a Pol\u00edcia Militar, dois homens foram espancados e feridos com golpes de faca, no Terminal do Distrito Industrial (DIA) de Aracaju. Eles foram socorridos pelo Servi\u00e7o de Atendimento M\u00f3vel de Urg\u00eancia (Samu).<\/p>\n\n\n\n<p>Outros registros de confus\u00e3o, envolvendo integrantes de torcidas, foram feitos na regi\u00e3o no Conjunto Jo\u00e3o Alves, em Nossa Senhora do Socorro.<\/p>\n\n\n\n<p>Neste domingo, Confian\u00e7a e Sergipe se enfrentaram, em campo, pela primeira vez no Campeonato Sergipano em 2024.<\/p>\n\n\n\n<p>A Pol\u00edcia Militar informou que fez a escolta dos integrantes das torcidas Jovem e Trov\u00e3o Azul, que se concentraram na Rua Lagarto, no Centro da capital, onde a situa\u00e7\u00e3o ficou controlada.<\/p>\n\n\n\n<p><strong><em>Acompanhe tamb\u00e9m o SE Not\u00edcias no\u00a0<a rel=\"noreferrer noopener\" href=\"https:\/\/twitter.com\/Senoticias\" target=\"_blank\">Twitter<\/a>,\u00a0<a rel=\"noreferrer noopener\" href=\"https:\/\/www.facebook.com\/senoticias1\" target=\"_blank\">Facebook<\/a>\u00a0e no\u00a0<a rel=\"noreferrer noopener\" href=\"https:\/\/www.instagram.com\/senoticias\/\" target=\"_blank\">Instagram<\/a><\/em><\/strong><\/p>\n\n\n\n<p>Fonte: <strong><a href=\"https:\/\/g1.globo.com\/se\/sergipe\/noticia\/2024\/02\/04\/video-confusao-envolvendo-torcidas-organizadas-deixa-feridos-na-grande-aracaju.ghtml\">g1<\/a><\/strong>SE<\/p>\n","protected":false},"excerpt":{"rendered":"<p>Pelo menos tr\u00eas pessoas ficaram feridas em brigas envolvendo torcidas organizadas, na tarde deste domingo (4), na Grande Aracaju. A Secretaria de Estado da Sa\u00fade (SES) informou que tr\u00eas pacientes foram admitidos no Hospital de Urg\u00eancias de Sergipe Governador Jo\u00e3o Alves (Huse), v\u00edtimas de agress\u00e3o f\u00edsica. Ainda de acordo com a SES, entre os atendidos, [&hellip;]<\/p>\n","protected":false},"author":6557,"featured_media":0,"comment_status":"closed","ping_status":"closed","sticky":false,"template":"","format":"standard","meta":{"footnotes":""},"categories":[15,7],"tags":[11602,791,4108,38563],"class_list":{"0":"post-141038","1":"post","2":"type-post","3":"status-publish","4":"format-standard","6":"category-destaques","7":"category-policia","8":"tag-club-sportivo-sergipe","9":"tag-confianca","10":"tag-confusao","11":"tag-torcida-organizada"},"_links":{"self":[{"href":"https:\/\/senoticias.com.br\/se\/wp-json\/wp\/v2\/posts\/141038"}],"collection":[{"href":"https:\/\/senoticias.com.br\/se\/wp-json\/wp\/v2\/posts"}],"about":[{"href":"https:\/\/senoticias.com.br\/se\/wp-json\/wp\/v2\/types\/post"}],"author":[{"embeddable":true,"href":"https:\/\/senoticias.com.br\/se\/wp-json\/wp\/v2\/users\/6557"}],"replies":[{"embeddable":true,"href":"https:\/\/senoticias.com.br\/se\/wp-json\/wp\/v2\/comments?post=141038"}],"version-history":[{"count":0,"href":"https:\/\/senoticias.com.br\/se\/wp-json\/wp\/v2\/posts\/141038\/revisions"}],"wp:attachment":[{"href":"https:\/\/senoticias.com.br\/se\/wp-json\/wp\/v2\/media?parent=141038"}],"wp:term":[{"taxonomy":"category","embeddable":true,"href":"https:\/\/senoticias.com.br\/se\/wp-json\/wp\/v2\/categories?post=141038"},{"taxonomy":"post_tag","embeddable":true,"href":"https:\/\/senoticias.com.br\/se\/wp-json\/wp\/v2\/tags?post=141038"}],"curies":[{"name":"wp","href":"https:\/\/api.w.org\/{rel}","templated":true}]}}