{"id":141025,"date":"2024-02-02T18:09:02","date_gmt":"2024-02-02T21:09:02","guid":{"rendered":"https:\/\/senoticias.com.br\/se\/?p=141025"},"modified":"2024-02-02T18:50:47","modified_gmt":"2024-02-02T21:50:47","slug":"duas-cidades-do-sergipe-serao-locais-de-prova-do-concurso-publico-nacional-unificado-inscricoes-vao-ate-proxima-semana","status":"publish","type":"post","link":"https:\/\/senoticias.com.br\/se\/duas-cidades-do-sergipe-serao-locais-de-prova-do-concurso-publico-nacional-unificado-inscricoes-vao-ate-proxima-semana\/","title":{"rendered":"Duas cidades do Sergipe ser\u00e3o locais de prova do Concurso P\u00fablico Nacional Unificado. Inscri\u00e7\u00f5es v\u00e3o at\u00e9 pr\u00f3xima semana"},"content":{"rendered":"\n<p><\/p>\n\n\n\n<p>Quase 1,5 milh\u00e3o de pessoas j\u00e1 se inscreveram no Concurso P\u00fablico Nacional Unificado (CPNU), que ser\u00e1 realizado simultaneamente em 220 cidades, incluindo Aracaju e Itabaiana (<strong><a href=\"https:\/\/www.gov.br\/gestao\/pt-br\/concursonacional\/cidades-de-aplicacao-das-provas\/cpnu-220-cidades.pdf\">veja outros estados<\/a><\/strong>). O objetivo da descentraliza\u00e7\u00e3o \u00e9 promover igualdade de oportunidades de acesso aos cargos p\u00fablicos efetivos. As inscri\u00e7\u00f5es v\u00e3o at\u00e9 o dia 9 de fevereiro, e custam R\uff04 90 para os cargos de n\u00edvel superior e R\uff04 60 para o bloco de cargos de n\u00edvel m\u00e9dio. As provas ser\u00e3o no dia 5 de maio.<\/p>\n\n\n\n<figure class=\"wp-block-image size-large\"><img loading=\"lazy\" decoding=\"async\" width=\"598\" height=\"420\" src=\"https:\/\/senoticias.com.br\/se\/wp-content\/uploads\/2024\/02\/Concurso-Nacional-SE-Noticias.jpg\" alt=\"\" class=\"wp-image-141026\" srcset=\"https:\/\/senoticias.com.br\/se\/wp-content\/uploads\/2024\/02\/Concurso-Nacional-SE-Noticias.jpg 598w, https:\/\/senoticias.com.br\/se\/wp-content\/uploads\/2024\/02\/Concurso-Nacional-SE-Noticias-300x211.jpg 300w\" sizes=\"(max-width: 598px) 100vw, 598px\" \/><figcaption>Prazo segue at\u00e9 9 de fevereiro \u2013 Foto: Ravena Rosa\/Abr<\/figcaption><\/figure>\n\n\n\n<p>Com 6.640 vagas para 21 \u00f3rg\u00e3os da administra\u00e7\u00e3o p\u00fablica federal, o Concurso P\u00fablico Nacional Unificado \u00e9 um modelo inovador de sele\u00e7\u00e3o de servidores p\u00fablicos, criado pelo Minist\u00e9rio da Gest\u00e3o e da Inova\u00e7\u00e3o em Servi\u00e7os P\u00fablicos (MGI). O novo modelo consiste na realiza\u00e7\u00e3o conjunta de concursos p\u00fablicos para o provimento de cargos p\u00fablicos efetivos no \u00e2mbito dos \u00f3rg\u00e3os e das entidades da Administra\u00e7\u00e3o P\u00fablica Federal direta, aut\u00e1rquica e fundacional, mediante a aplica\u00e7\u00e3o simult\u00e2nea de provas em todos os Estados e no Distrito Federal.<\/p>\n\n\n\n<p>Para se inscrever, o candidato deve acessar a p\u00e1gina do GOV\u0702BR. Em seguida, \u00e9 necess\u00e1rio fazer o login e seguir as orienta\u00e7\u00f5es indicadas. No momento da inscri\u00e7\u00e3o, o candidato faz a escolha pelas carreiras, que estar\u00e3o divididas em oito blocos tem\u00e1ticos. Cada bloco re\u00fane as carreiras que possuem semelhan\u00e7as entre si.<\/p>\n\n\n\n<p>O CPNU permitir\u00e1 a inscri\u00e7\u00e3o para a disputa por vagas para mais de um cargo, desde que dentro do mesmo bloco tem\u00e1tico. Uma das vantagens \u00e9 que o candidato pagar\u00e1 uma taxa de inscri\u00e7\u00e3o \u00fanica. Ao concorrer a mais de um cargo, o candidato dever\u00e1 classificar as vagas de interesse por ordem de prefer\u00eancia para definir a prioridade em uma poss\u00edvel chamada, baseada na nota alcan\u00e7ada.<\/p>\n\n\n\n<p>Acesse a <strong><a href=\"https:\/\/www.gov.br\/gestao\/pt-br\/concursonacional\">p\u00e1gina<\/a><\/strong> do Concurso P\u00fablico Nacional Unificado.<\/p>\n\n\n\n<p><strong><em>Acompanhe tamb\u00e9m o SE Not\u00edcias no\u00a0<a rel=\"noreferrer noopener\" href=\"https:\/\/twitter.com\/Senoticias\" target=\"_blank\">Twitter<\/a>,\u00a0<a rel=\"noreferrer noopener\" href=\"https:\/\/www.facebook.com\/senoticias1\" target=\"_blank\">Facebook<\/a>\u00a0e no\u00a0<a rel=\"noreferrer noopener\" href=\"https:\/\/www.instagram.com\/senoticias\/\" target=\"_blank\">Instagram<\/a><\/em><\/strong><\/p>\n","protected":false},"excerpt":{"rendered":"<p>Quase 1,5 milh\u00e3o de pessoas j\u00e1 se inscreveram no Concurso P\u00fablico Nacional Unificado (CPNU), que ser\u00e1 realizado simultaneamente em 220 cidades, incluindo Aracaju e Itabaiana (veja outros estados). O objetivo da descentraliza\u00e7\u00e3o \u00e9 promover igualdade de oportunidades de acesso aos cargos p\u00fablicos efetivos. As inscri\u00e7\u00f5es v\u00e3o at\u00e9 o dia 9 de fevereiro, e custam R\uff04 [&hellip;]<\/p>\n","protected":false},"author":6557,"featured_media":0,"comment_status":"closed","ping_status":"closed","sticky":false,"template":"","format":"standard","meta":{"footnotes":""},"categories":[15,6],"tags":[34288,41050,41052,41051],"class_list":{"0":"post-141025","1":"post","2":"type-post","3":"status-publish","4":"format-standard","6":"category-destaques","7":"category-politica","8":"tag-concurso-publico-2","9":"tag-concurso-publico-nacional-unificado","10":"tag-cpnu","11":"tag-enem-do-concurso"},"_links":{"self":[{"href":"https:\/\/senoticias.com.br\/se\/wp-json\/wp\/v2\/posts\/141025"}],"collection":[{"href":"https:\/\/senoticias.com.br\/se\/wp-json\/wp\/v2\/posts"}],"about":[{"href":"https:\/\/senoticias.com.br\/se\/wp-json\/wp\/v2\/types\/post"}],"author":[{"embeddable":true,"href":"https:\/\/senoticias.com.br\/se\/wp-json\/wp\/v2\/users\/6557"}],"replies":[{"embeddable":true,"href":"https:\/\/senoticias.com.br\/se\/wp-json\/wp\/v2\/comments?post=141025"}],"version-history":[{"count":0,"href":"https:\/\/senoticias.com.br\/se\/wp-json\/wp\/v2\/posts\/141025\/revisions"}],"wp:attachment":[{"href":"https:\/\/senoticias.com.br\/se\/wp-json\/wp\/v2\/media?parent=141025"}],"wp:term":[{"taxonomy":"category","embeddable":true,"href":"https:\/\/senoticias.com.br\/se\/wp-json\/wp\/v2\/categories?post=141025"},{"taxonomy":"post_tag","embeddable":true,"href":"https:\/\/senoticias.com.br\/se\/wp-json\/wp\/v2\/tags?post=141025"}],"curies":[{"name":"wp","href":"https:\/\/api.w.org\/{rel}","templated":true}]}}