{"id":140987,"date":"2024-01-31T19:18:30","date_gmt":"2024-01-31T22:18:30","guid":{"rendered":"https:\/\/senoticias.com.br\/se\/?p=140987"},"modified":"2024-01-31T19:18:35","modified_gmt":"2024-01-31T22:18:35","slug":"banco-central-faz-5o-corte-consecutivo-de-05-ponto-na-taxa-selic-que-vai-a-1125-ao-ano","status":"publish","type":"post","link":"https:\/\/senoticias.com.br\/se\/banco-central-faz-5o-corte-consecutivo-de-05-ponto-na-taxa-selic-que-vai-a-1125-ao-ano\/","title":{"rendered":"Banco Central faz 5\u00ba corte consecutivo de 0,5 ponto na taxa Selic, que vai a 11,25% ao ano"},"content":{"rendered":"\n<p><\/p>\n\n\n\n<p>O Comit\u00ea de Pol\u00edtica Monet\u00e1ria (Copom) do Banco Central (BC) decidiu reduzir em 0,5 ponto percentual&nbsp;a Selic, a taxa b\u00e1sica de juros da economia brasileira. Com isso, a Selic passa a ser de 11,25% ao ano. O an\u00fancio foi feito no final da tarde desta quarta-feira, 31, ap\u00f3s&nbsp;reuni\u00e3o do colegiado.<\/p>\n\n\n\n<p>Esse \u00e9 o quinto corte consecutivo na taxa b\u00e1sica de juros, depois que o BC&nbsp;afrouxou&nbsp;sua pol\u00edtica monet\u00e1ria. A taxa atual est\u00e1 no menor patamar desde mar\u00e7o de 2022, quando estava em 10,75% ao ano. A&nbsp;proje\u00e7\u00e3o do mercado financeiro \u00e9 de que a taxa de juros continue recuando ao longo de 2024.<\/p>\n\n\n\n<figure class=\"wp-block-image size-large\"><img loading=\"lazy\" decoding=\"async\" width=\"562\" height=\"336\" src=\"https:\/\/senoticias.com.br\/se\/wp-content\/uploads\/2023\/08\/Banco-Central-SE-Noticias.jpg\" alt=\"\" class=\"wp-image-138443\" srcset=\"https:\/\/senoticias.com.br\/se\/wp-content\/uploads\/2023\/08\/Banco-Central-SE-Noticias.jpg 562w, https:\/\/senoticias.com.br\/se\/wp-content\/uploads\/2023\/08\/Banco-Central-SE-Noticias-300x179.jpg 300w\" sizes=\"(max-width: 562px) 100vw, 562px\" \/><figcaption>O Comit\u00ea de Pol\u00edtica Monet\u00e1ria (Copom) \u00e9 o \u00f3rg\u00e3o do Banco Central formado pelo seu presidente e diretores &#8211; Foto: Ag\u00eancia Brasil<\/figcaption><\/figure>\n\n\n\n<p>Em nota, o BC justificou sua decis\u00e3o da seguinte forma: &#8220;A conjuntura atual, caracterizada por um est\u00e1gio do processo desinflacion\u00e1rio que tende a ser mais lento, expectativas de infla\u00e7\u00e3o com reancoragem apenas parcial e um cen\u00e1rio global desafiador, demanda serenidade e modera\u00e7\u00e3o na condu\u00e7\u00e3o da pol\u00edtica monet\u00e1ria. O Comit\u00ea refor\u00e7a a necessidade de perseverar com uma pol\u00edtica monet\u00e1ria contracionista at\u00e9 que se consolide n\u00e3o apenas o processo de desinfla\u00e7\u00e3o como tamb\u00e9m a ancoragem das expectativas em torno de suas metas&#8221;.<\/p>\n\n\n\n<p>No comunicado, a autoridade monet\u00e1ria ainda sinalizou novas redu\u00e7\u00f5es da Selic nas pr\u00f3ximas reuni\u00f5es.&nbsp;<\/p>\n\n\n\n<p>&#8220;Em se confirmando o cen\u00e1rio esperado, os membros do Comit\u00ea, unanimemente, anteveem redu\u00e7\u00e3o de mesma magnitude nas pr\u00f3ximas reuni\u00f5es e avaliam que esse \u00e9 o ritmo apropriado para manter a pol\u00edtica monet\u00e1ria contracionista necess\u00e1ria para o processo desinflacion\u00e1rio. O Comit\u00ea enfatiza que a magnitude total do ciclo de flexibiliza\u00e7\u00e3o ao longo do tempo depender\u00e1 da evolu\u00e7\u00e3o da din\u00e2mica inflacion\u00e1ria, em especial dos componentes mais sens\u00edveis \u00e0 pol\u00edtica monet\u00e1ria e \u00e0 atividade econ\u00f4mica, das expectativas de infla\u00e7\u00e3o, em particular daquelas de maior prazo, de suas proje\u00e7\u00f5es de infla\u00e7\u00e3o, do hiato do produto e do balan\u00e7o de riscos&#8221;, completa.<\/p>\n\n\n\n<p><strong>O que \u00e9 a Selic<\/strong><\/p>\n\n\n\n<p>A Selic \u00e9 a refer\u00eancia para todas as taxas de juros do mercado brasileiro, definida pelo Copom, composto pelo presidente e diretores do Banco Central. Ela \u00e9 o principal instrumento de pol\u00edtica monet\u00e1ria utilizada para controlar a infla\u00e7\u00e3o.<\/p>\n\n\n\n<p>Quando os juros sobem, os financiamentos, empr\u00e9stimos e pagamentos com cart\u00e3o se tornam mais caros, o que desencoraja o consumo e, por consequ\u00eancia, estimula a queda na infla\u00e7\u00e3o. Por outro lado, se a infla\u00e7\u00e3o est\u00e1 baixa e o BC reduz os juros, isso torna os empr\u00e9stimos mais baratos e incentiva o consumo.<\/p>\n\n\n\n<p><strong>Como a Selic \u00e9 definida<\/strong>\u00a0<\/p>\n\n\n\n<p>O Banco Central avalia as condi\u00e7\u00f5es da infla\u00e7\u00e3o, da atividade econ\u00f4mica, das contas p\u00fablicas e o cen\u00e1rio externo para definir o que fazer com a Selic, sempre com o objetivo de manter a infla\u00e7\u00e3o dentro da meta.<\/p>\n\n\n\n<p>Essa \u00e9 uma pr\u00e1tica comum em governos e autoridades monet\u00e1rias. O Federal Reserve (Fed) define os juros b\u00e1sicos da economia americana e o Banco Central Europeu faz o mesmo com os juros dos pa\u00edses da zona do euro.<\/p>\n\n\n\n<p><strong>Meta de infla\u00e7\u00e3o<\/strong><\/p>\n\n\n\n<p>O objetivo do Copom \u00e9 manter a infla\u00e7\u00e3o brasileira dentro da chamada meta de infla\u00e7\u00e3o, definida pelo Conselho Monet\u00e1rio Nacional (CMN), que determina a meta de tr\u00eas anos \u00e0 frente, visando uma infla\u00e7\u00e3o previs\u00edvel, est\u00e1vel e baixa, que possa ajudar a economia brasileira a crescer.<\/p>\n\n\n\n<p><strong><em>Acompanhe tamb\u00e9m o SE Not\u00edcias no\u00a0<a rel=\"noreferrer noopener\" href=\"https:\/\/twitter.com\/Senoticias\" target=\"_blank\">Twitter<\/a>,\u00a0<a rel=\"noreferrer noopener\" href=\"https:\/\/www.facebook.com\/senoticias1\" target=\"_blank\">Facebook<\/a>\u00a0e no\u00a0<a rel=\"noreferrer noopener\" href=\"https:\/\/www.instagram.com\/senoticias\/\" target=\"_blank\">Instagram<\/a><\/em><\/strong><\/p>\n\n\n\n<p>Fonte: Portal Terra<\/p>\n","protected":false},"excerpt":{"rendered":"<p>O Comit\u00ea de Pol\u00edtica Monet\u00e1ria (Copom) do Banco Central (BC) decidiu reduzir em 0,5 ponto percentual&nbsp;a Selic, a taxa b\u00e1sica de juros da economia brasileira. Com isso, a Selic passa a ser de 11,25% ao ano. O an\u00fancio foi feito no final da tarde desta quarta-feira, 31, ap\u00f3s&nbsp;reuni\u00e3o do colegiado. Esse \u00e9 o quinto corte [&hellip;]<\/p>\n","protected":false},"author":6557,"featured_media":0,"comment_status":"closed","ping_status":"closed","sticky":false,"template":"","format":"standard","meta":{"footnotes":""},"categories":[15,6],"tags":[9501,41034,40736],"class_list":{"0":"post-140987","1":"post","2":"type-post","3":"status-publish","4":"format-standard","6":"category-destaques","7":"category-politica","8":"tag-banco-central","9":"tag-comite-de-politica-monetaria","10":"tag-taxa-selic"},"_links":{"self":[{"href":"https:\/\/senoticias.com.br\/se\/wp-json\/wp\/v2\/posts\/140987"}],"collection":[{"href":"https:\/\/senoticias.com.br\/se\/wp-json\/wp\/v2\/posts"}],"about":[{"href":"https:\/\/senoticias.com.br\/se\/wp-json\/wp\/v2\/types\/post"}],"author":[{"embeddable":true,"href":"https:\/\/senoticias.com.br\/se\/wp-json\/wp\/v2\/users\/6557"}],"replies":[{"embeddable":true,"href":"https:\/\/senoticias.com.br\/se\/wp-json\/wp\/v2\/comments?post=140987"}],"version-history":[{"count":0,"href":"https:\/\/senoticias.com.br\/se\/wp-json\/wp\/v2\/posts\/140987\/revisions"}],"wp:attachment":[{"href":"https:\/\/senoticias.com.br\/se\/wp-json\/wp\/v2\/media?parent=140987"}],"wp:term":[{"taxonomy":"category","embeddable":true,"href":"https:\/\/senoticias.com.br\/se\/wp-json\/wp\/v2\/categories?post=140987"},{"taxonomy":"post_tag","embeddable":true,"href":"https:\/\/senoticias.com.br\/se\/wp-json\/wp\/v2\/tags?post=140987"}],"curies":[{"name":"wp","href":"https:\/\/api.w.org\/{rel}","templated":true}]}}