{"id":140972,"date":"2024-01-31T10:44:43","date_gmt":"2024-01-31T13:44:43","guid":{"rendered":"https:\/\/senoticias.com.br\/se\/?p=140972"},"modified":"2024-01-31T19:09:04","modified_gmt":"2024-01-31T22:09:04","slug":"condutor-morre-apos-se-chocar-com-base-de-semaforo-em-aracaju","status":"publish","type":"post","link":"https:\/\/senoticias.com.br\/se\/condutor-morre-apos-se-chocar-com-base-de-semaforo-em-aracaju\/","title":{"rendered":"Condutor morre ap\u00f3s se chocar com base de sem\u00e1foro em Aracaju"},"content":{"rendered":"\n<p><\/p>\n\n\n\n<p>Phillipe Santos Sampaio, de 36 anos, condutor de um Renault Symbol morreu nas primeiras horas da manh\u00e3 desta quarta-feira, 31, ap\u00f3s colidir com a base de um sem\u00e1foro localizada na Av. Beira Mar, uma das mais movimentadas da capital.<\/p>\n\n\n\n<figure class=\"wp-block-image size-large\"><img loading=\"lazy\" decoding=\"async\" width=\"587\" height=\"1024\" src=\"https:\/\/senoticias.com.br\/se\/wp-content\/uploads\/2024\/01\/Acidente-com-morte-SE-Noticias.jpg\" alt=\"\" class=\"wp-image-140984\" srcset=\"https:\/\/senoticias.com.br\/se\/wp-content\/uploads\/2024\/01\/Acidente-com-morte-SE-Noticias.jpg 587w, https:\/\/senoticias.com.br\/se\/wp-content\/uploads\/2024\/01\/Acidente-com-morte-SE-Noticias-172x300.jpg 172w\" sizes=\"(max-width: 587px) 100vw, 587px\" \/><figcaption>Condutor morreu ap\u00f3s se chocar com base de sem\u00e1foro na Av. Beira Mar &#8211; Foto: SMTT e arquivo pessoal<\/figcaption><\/figure>\n\n\n\n<p>Segundo informa\u00e7\u00f5es da Superintend\u00eancia Municipal de Transportes e Tr\u00e2nsito (SMTT), o Servi\u00e7o de Grupamento de Tr\u00e2nsito R\u00e1pido (GART) foi acionado por volta das<strong> 04h50<\/strong> para atender a ocorr\u00eancia.<\/p>\n\n\n\n<p>\u201cO veiculo (com apenas um ocupante) transitava pela Av. Francisco Porto sentido Av. Beira Mar e ap\u00f3s se Chocar com a base do sem\u00e1foro, perdeu o controle chegando a transitar pelo canteiro central, onde o veiculo ficou imobilizado na Av Beira Mar\u201d, resume o \u00f3rg\u00e3o de tr\u00e2nsito.<\/p>\n\n\n\n<p><strong><em>Acompanhe tamb\u00e9m o SE Not\u00edcias no&nbsp;<a rel=\"noreferrer noopener\" href=\"https:\/\/twitter.com\/Senoticias\" target=\"_blank\">Twitter<\/a>,&nbsp;<a rel=\"noreferrer noopener\" href=\"https:\/\/www.facebook.com\/senoticias1\" target=\"_blank\">Facebook<\/a>&nbsp;e no&nbsp;<a rel=\"noreferrer noopener\" href=\"https:\/\/www.instagram.com\/senoticias\/\" target=\"_blank\">Instagram<\/a><\/em><\/strong><\/p>\n\n\n\n<p><em>Com informa\u00e7\u00f5es do Portal Infonet<\/em><\/p>\n","protected":false},"excerpt":{"rendered":"<p>Phillipe Santos Sampaio, de 36 anos, condutor de um Renault Symbol morreu nas primeiras horas da manh\u00e3 desta quarta-feira, 31, ap\u00f3s colidir com a base de um sem\u00e1foro localizada na Av. Beira Mar, uma das mais movimentadas da capital. Segundo informa\u00e7\u00f5es da Superintend\u00eancia Municipal de Transportes e Tr\u00e2nsito (SMTT), o Servi\u00e7o de Grupamento de Tr\u00e2nsito [&hellip;]<\/p>\n","protected":false},"author":6552,"featured_media":0,"comment_status":"closed","ping_status":"closed","sticky":false,"template":"","format":"standard","meta":{"footnotes":""},"categories":[15,7,1],"tags":[41033,40583],"class_list":{"0":"post-140972","1":"post","2":"type-post","3":"status-publish","4":"format-standard","6":"category-destaques","7":"category-policia","8":"category-sem-categoria","9":"tag-condutor-morre","10":"tag-violencia-no-transito-3"},"_links":{"self":[{"href":"https:\/\/senoticias.com.br\/se\/wp-json\/wp\/v2\/posts\/140972"}],"collection":[{"href":"https:\/\/senoticias.com.br\/se\/wp-json\/wp\/v2\/posts"}],"about":[{"href":"https:\/\/senoticias.com.br\/se\/wp-json\/wp\/v2\/types\/post"}],"author":[{"embeddable":true,"href":"https:\/\/senoticias.com.br\/se\/wp-json\/wp\/v2\/users\/6552"}],"replies":[{"embeddable":true,"href":"https:\/\/senoticias.com.br\/se\/wp-json\/wp\/v2\/comments?post=140972"}],"version-history":[{"count":0,"href":"https:\/\/senoticias.com.br\/se\/wp-json\/wp\/v2\/posts\/140972\/revisions"}],"wp:attachment":[{"href":"https:\/\/senoticias.com.br\/se\/wp-json\/wp\/v2\/media?parent=140972"}],"wp:term":[{"taxonomy":"category","embeddable":true,"href":"https:\/\/senoticias.com.br\/se\/wp-json\/wp\/v2\/categories?post=140972"},{"taxonomy":"post_tag","embeddable":true,"href":"https:\/\/senoticias.com.br\/se\/wp-json\/wp\/v2\/tags?post=140972"}],"curies":[{"name":"wp","href":"https:\/\/api.w.org\/{rel}","templated":true}]}}