{"id":140961,"date":"2024-01-30T18:59:33","date_gmt":"2024-01-30T21:59:33","guid":{"rendered":"https:\/\/senoticias.com.br\/se\/?p=140961"},"modified":"2024-01-30T19:11:56","modified_gmt":"2024-01-30T22:11:56","slug":"mpf-quer-responsabilizacao-do-poder-publico-por-falta-de-fiscalizacao-em-viveiros-de-camarao-em-manguezais-de-sergipe","status":"publish","type":"post","link":"https:\/\/senoticias.com.br\/se\/mpf-quer-responsabilizacao-do-poder-publico-por-falta-de-fiscalizacao-em-viveiros-de-camarao-em-manguezais-de-sergipe\/","title":{"rendered":"MPF quer responsabiliza\u00e7\u00e3o do poder p\u00fablico por falta de fiscaliza\u00e7\u00e3o em viveiros de camar\u00e3o em manguezais de Sergipe"},"content":{"rendered":"\n<p><\/p>\n\n\n\n<p>O Minist\u00e9rio P\u00fablico Federal (MPF) quer que a Administra\u00e7\u00e3o Estadual do Meio Ambiente de Sergipe (Adema) deixe de conceder novas licen\u00e7as ambientais a viveiros para cria\u00e7\u00e3o de camar\u00f5es em Nossa Senhora do Socorro (SE), especialmente em \u00e1reas de manguezal. O pedido foi feito \u00e0 Justi\u00e7a Federal em a\u00e7\u00e3o que busca responsabilizar o Poder P\u00fablico pela omiss\u00e3o em fiscalizar a exist\u00eancia de dezenas de tanques de camar\u00f5es no povoado Aratu, no mesmo munic\u00edpio. Al\u00e9m disso, o \u00f3rg\u00e3o pede que a Adema e o Estado de Sergipe sejam obrigados a realizar, em 180 dias, estudos do impacto ambiental causado pelos criat\u00f3rios no povoado Aratu.<\/p>\n\n\n\n<figure class=\"wp-block-image size-large\"><img loading=\"lazy\" decoding=\"async\" width=\"400\" height=\"266\" src=\"https:\/\/senoticias.com.br\/se\/wp-content\/uploads\/2024\/01\/Camarao-se-noticias.png\" alt=\"\" class=\"wp-image-140962\" srcset=\"https:\/\/senoticias.com.br\/se\/wp-content\/uploads\/2024\/01\/Camarao-se-noticias.png 400w, https:\/\/senoticias.com.br\/se\/wp-content\/uploads\/2024\/01\/Camarao-se-noticias-300x200.png 300w, https:\/\/senoticias.com.br\/se\/wp-content\/uploads\/2024\/01\/Camarao-se-noticias-90x60.png 90w, https:\/\/senoticias.com.br\/se\/wp-content\/uploads\/2024\/01\/Camarao-se-noticias-180x120.png 180w, https:\/\/senoticias.com.br\/se\/wp-content\/uploads\/2024\/01\/Camarao-se-noticias-95x64.png 95w\" sizes=\"(max-width: 400px) 100vw, 400px\" \/><figcaption>Tanques para cria\u00e7\u00e3o de camar\u00e3o no munic\u00edpio de Nossa Senhora do Socorro &#8211; Foto: Ednilson Barbosa\/Seagri<\/figcaption><\/figure>\n\n\n\n<p>Na a\u00e7\u00e3o, com pedido de liminar, o MPF pede, ainda, que a Adema, a Uni\u00e3o, o Estado de Sergipe e o Munic\u00edpio de Nossa Senhora do Socorro sejam obrigados a recuperar a \u00e1rea degradada ap\u00f3s a identifica\u00e7\u00e3o dos impactos causados pelos cerca de 50 tanques de camar\u00f5es encontrados na regi\u00e3o. O \u00f3rg\u00e3o tamb\u00e9m quer que os r\u00e9us sejam condenados a reparar o dano ambiental mediante indeniza\u00e7\u00e3o em dinheiro, a ser definida pela Justi\u00e7a Federal. Para o c\u00e1lculo da quantia, dever\u00e1 ser observado o valor necess\u00e1rio para recuperar \u00e1rea do tamanho equivalente \u00e0 que foi degradada em \u00e1rea de manguezal.<\/p>\n\n\n\n<p>A atua\u00e7\u00e3o do MPF iniciou com um procedimento administrativo em que se constatou a exist\u00eancia de mais de 50 tanques de carcinicultura \u2013 cria\u00e7\u00e3o de camar\u00e3o \u2013 em Nossa Senhora do Socorro, sendo que 33 desses viveiros n\u00e3o possu\u00edam licenciamento ambiental. Os criat\u00f3rios est\u00e3o localizados em \u00e1rea de manguezal, considerada \u00c1rea de Preserva\u00e7\u00e3o Permanente, e podem ocasionar uma grave supress\u00e3o de vegeta\u00e7\u00e3o ao longo do tempo. Para o MPF, a exist\u00eancia dos viveiros s\u00f3 foi poss\u00edvel por causa da omiss\u00e3o do Estado em fiscalizar a regi\u00e3o.<\/p>\n\n\n\n<p>\u201cCompete aos \u00f3rg\u00e3os ambientais e ao Munic\u00edpio exercer fiscaliza\u00e7\u00e3o que promova a identifica\u00e7\u00e3o dos respons\u00e1veis pelo dano ambiental e promova as medidas administrativas cab\u00edveis (embargo, multa, encaminhamento para regulariza\u00e7\u00e3o)\u201d, diz trecho da a\u00e7\u00e3o. Nesse sentido, considerando a omiss\u00e3o dos \u00f3rg\u00e3os respons\u00e1veis, coube ao MPF ingressar com a a\u00e7\u00e3o judicial buscando a responsabiliza\u00e7\u00e3o dos entes pela falta de fiscaliza\u00e7\u00e3o e atua\u00e7\u00e3o na \u00e1rea de mangue degradada.<\/p>\n\n\n\n<p><strong>Manguezal<\/strong> \u2013 Na legisla\u00e7\u00e3o brasileira, h\u00e1 \u00e1reas que merecem especial prote\u00e7\u00e3o, como as \u00c1reas de Preserva\u00e7\u00e3o Permanente, em que se incluem os manguezais. Presentes nas regi\u00f5es costeiras tropicais e subtropicais, os mangues se constituem de \u00e1rvores e arbustos que crescem em terreno pantanoso, e sofrem influ\u00eancia das mar\u00e9s. Na a\u00e7\u00e3o, o MPF ressalta que o desmatamento ilegal de mangue causa extrema preocupa\u00e7\u00e3o, pois p\u00f5e em risco o equil\u00edbrio ecol\u00f3gico do ecossistema. O mangue tem, entre outras fun\u00e7\u00f5es, o importante papel de alimentar a fauna marinha, funcionando como um filtro do mar, al\u00e9m de abrigar as mais variadas esp\u00e9cies de aves e animais.<\/p>\n\n\n\n<p><strong>A\u00e7\u00e3o Civil P\u00fablica n\u00ba 0808268-39.2023.4.05.8500<\/strong><\/p>\n\n\n\n<p><strong><em>Acompanhe tamb\u00e9m o SE Not\u00edcias no\u00a0<a rel=\"noreferrer noopener\" href=\"https:\/\/twitter.com\/Senoticias\" target=\"_blank\">Twitter<\/a>,\u00a0<a rel=\"noreferrer noopener\" href=\"https:\/\/www.facebook.com\/senoticias1\" target=\"_blank\">Facebook<\/a>\u00a0e no\u00a0<a rel=\"noreferrer noopener\" href=\"https:\/\/www.instagram.com\/senoticias\/\" target=\"_blank\">Instagram<\/a><\/em><\/strong><\/p>\n\n\n\n<p>Assessoria de Comunica\u00e7\u00e3o<br>Minist\u00e9rio P\u00fablico Federal em Sergipe<\/p>\n","protected":false},"excerpt":{"rendered":"<p>O Minist\u00e9rio P\u00fablico Federal (MPF) quer que a Administra\u00e7\u00e3o Estadual do Meio Ambiente de Sergipe (Adema) deixe de conceder novas licen\u00e7as ambientais a viveiros para cria\u00e7\u00e3o de camar\u00f5es em Nossa Senhora do Socorro (SE), especialmente em \u00e1reas de manguezal. O pedido foi feito \u00e0 Justi\u00e7a Federal em a\u00e7\u00e3o que busca responsabilizar o Poder P\u00fablico pela [&hellip;]<\/p>\n","protected":false},"author":6557,"featured_media":0,"comment_status":"closed","ping_status":"closed","sticky":false,"template":"","format":"standard","meta":{"footnotes":""},"categories":[15,6,1],"tags":[3488,41024,4608,2650,41025,41023],"class_list":{"0":"post-140961","1":"post","2":"type-post","3":"status-publish","4":"format-standard","6":"category-destaques","7":"category-politica","8":"category-sem-categoria","9":"tag-adema","10":"tag-manguezais","11":"tag-ministerio-publico-federal","12":"tag-nossa-senhora-do-socorro","13":"tag-poder-publico","14":"tag-viveiros-de-camarao"},"_links":{"self":[{"href":"https:\/\/senoticias.com.br\/se\/wp-json\/wp\/v2\/posts\/140961"}],"collection":[{"href":"https:\/\/senoticias.com.br\/se\/wp-json\/wp\/v2\/posts"}],"about":[{"href":"https:\/\/senoticias.com.br\/se\/wp-json\/wp\/v2\/types\/post"}],"author":[{"embeddable":true,"href":"https:\/\/senoticias.com.br\/se\/wp-json\/wp\/v2\/users\/6557"}],"replies":[{"embeddable":true,"href":"https:\/\/senoticias.com.br\/se\/wp-json\/wp\/v2\/comments?post=140961"}],"version-history":[{"count":0,"href":"https:\/\/senoticias.com.br\/se\/wp-json\/wp\/v2\/posts\/140961\/revisions"}],"wp:attachment":[{"href":"https:\/\/senoticias.com.br\/se\/wp-json\/wp\/v2\/media?parent=140961"}],"wp:term":[{"taxonomy":"category","embeddable":true,"href":"https:\/\/senoticias.com.br\/se\/wp-json\/wp\/v2\/categories?post=140961"},{"taxonomy":"post_tag","embeddable":true,"href":"https:\/\/senoticias.com.br\/se\/wp-json\/wp\/v2\/tags?post=140961"}],"curies":[{"name":"wp","href":"https:\/\/api.w.org\/{rel}","templated":true}]}}