{"id":140903,"date":"2024-01-24T06:20:20","date_gmt":"2024-01-24T09:20:20","guid":{"rendered":"https:\/\/senoticias.com.br\/se\/?p=140903"},"modified":"2024-01-24T06:22:14","modified_gmt":"2024-01-24T09:22:14","slug":"verao-sergipe-acontece-neste-final-de-semana-em-caninde-de-sao-francisco","status":"publish","type":"post","link":"https:\/\/senoticias.com.br\/se\/verao-sergipe-acontece-neste-final-de-semana-em-caninde-de-sao-francisco\/","title":{"rendered":"Ver\u00e3o Sergipe acontece neste final de semana em Canind\u00e9 de S\u00e3o Francisco"},"content":{"rendered":"\n<p>No pr\u00f3ximo fim de semana, dias<strong> 26, 27 e 28 de janeiro, o Ver\u00e3o Sergipe <\/strong>chega \u00e0 <strong>cidade de Canind\u00e9 de S\u00e3o Francisco,<\/strong> no alto sert\u00e3o sergipano, com shows art\u00edsticos e atividades esportivas para a popula\u00e7\u00e3o. Na terceira edi\u00e7\u00e3o do evento deste ano, o Governo de Sergipe, por meio da Secretaria de Estado do Esporte e Lazer (Seel), tamb\u00e9m vai oportunizar a participa\u00e7\u00e3o em diversas modalidades esportivas, como o beach tennis, v\u00f4lei de praia, futev\u00f4lei, mesabol, frescobol, al\u00e9m de mais uma prova de corrida, passeio cicl\u00edstico, competi\u00e7\u00e3o de polo aqu\u00e1tico e competi\u00e7\u00e3o em \u00e1gua abertas.<\/p>\n\n\n\n<figure class=\"wp-block-image size-large\"><img loading=\"lazy\" decoding=\"async\" width=\"512\" height=\"342\" src=\"https:\/\/senoticias.com.br\/se\/wp-content\/uploads\/2024\/01\/Verao-sergipe-se-noticias.jpeg\" alt=\"\" class=\"wp-image-140904\" srcset=\"https:\/\/senoticias.com.br\/se\/wp-content\/uploads\/2024\/01\/Verao-sergipe-se-noticias.jpeg 512w, https:\/\/senoticias.com.br\/se\/wp-content\/uploads\/2024\/01\/Verao-sergipe-se-noticias-300x200.jpeg 300w, https:\/\/senoticias.com.br\/se\/wp-content\/uploads\/2024\/01\/Verao-sergipe-se-noticias-90x60.jpeg 90w, https:\/\/senoticias.com.br\/se\/wp-content\/uploads\/2024\/01\/Verao-sergipe-se-noticias-180x120.jpeg 180w, https:\/\/senoticias.com.br\/se\/wp-content\/uploads\/2024\/01\/Verao-sergipe-se-noticias-95x64.jpeg 95w\" sizes=\"(max-width: 512px) 100vw, 512px\" \/><figcaption>Ver\u00e3o Sergipe chega a Canind\u00e9 de S\u00e3o Francisco &#8211; Foto: arquivo\/ASN<\/figcaption><\/figure>\n\n\n\n<p>Mais uma vez a programa\u00e7\u00e3o esportiva do Ver\u00e3o Sergipe foi desenvolvida considerando a geografia da cidade e as modalidades esportivas que j\u00e1 s\u00e3o praticadas na regi\u00e3o. Dessa forma, as atividades acontecer\u00e3o no s\u00e1bado e no domingo, das 8 \u00e0s 16 horas, na Arena Esporte que ser\u00e1 montada no espa\u00e7o de eventos esportivos localizado \u00e0 avenida Ananias Fernandes dos Santos, n\u00ba 888, no centro da cidade, e nas imedia\u00e7\u00f5es do Karrancas Restaurante, \u00e0s margens do Rio S\u00e3o Francisco. As atividades ser\u00e3o realizadas com o apoio da Pol\u00edcia Militar de Sergipe (PM\/SE), do Corpo de Bombeiros Militar de Sergipe (CBM\/SE) e federa\u00e7\u00f5es esportivas.<\/p>\n\n\n\n<p>A secret\u00e1ria de Estado do Esporte e Lazer, Mariana Dantas, convida a popula\u00e7\u00e3o para participar da programa\u00e7\u00e3o e conhecer novas modalidades. \u201cEstamos animados para mais um final de semana de muito esporte e lazer, dessa vez em Canind\u00e9 do S\u00e3o Francisco. Estamos levando muitas modalidades esportivas, realizando passeios cicl\u00edsticos e prova de corrida de cinco quil\u00f4metros. Esperamos as pessoas que j\u00e1 praticam algum esporte, mas tamb\u00e9m queremos envolver aquelas pessoas que, ainda, n\u00e3o praticam nada e desejam conhecer novas modalidades. Estamos abertos para receber a popula\u00e7\u00e3o. Teremos algumas competi\u00e7\u00f5es e atividades abertas ao p\u00fablico, como o passeio cicl\u00edstico, que todos podem participar\u201d, afirma a secret\u00e1ria.<\/p>\n\n\n\n<p><strong>Programa\u00e7\u00e3o Esportiva Ver\u00e3o Sergipe<\/strong><\/p>\n\n\n\n<p>A programa\u00e7\u00e3o esportiva do Ver\u00e3o Sergipe em Canind\u00e9 de S\u00e3o Francisco ser\u00e1 formada por prova de corrida de cinco quil\u00f4metros, passeio cicl\u00edstico pela cidade e diversas atividades abertas ao p\u00fablico. Para participar, a popula\u00e7\u00e3o deve fazer a inscri\u00e7\u00e3o antecipada no site veraosergipe.se.gov.br e acompanhar as informa\u00e7\u00f5es nas redes sociais do @governosergipe e @esporte.sergipe. Inscri\u00e7\u00f5es presenciais, antes do evento, tamb\u00e9m ser\u00e3o aceitas.<\/p>\n\n\n\n<p><strong>S\u00c1BADO (27\/01)<\/strong><\/p>\n\n\n\n<p>Beach t\u00eanis &#8211; em formato de competi\u00e7\u00e3o \u2013 na Arena Esporte, das 8h \u00e0s 16h<\/p>\n\n\n\n<p>V\u00f4lei de praia masculino\/ feminino \u2013 em formato de competi\u00e7\u00e3o, na Arena, das 8h \u00e0s 16h<\/p>\n\n\n\n<p>Futev\u00f4lei \u2013 masculino \/ feminino \u2013 em formato de competi\u00e7\u00e3o, na Arena, das 8h \u00e0s 16h<\/p>\n\n\n\n<p>Mesabol \u2013 livre p\/ popula\u00e7\u00e3o &#8211; na Arena &#8211; das 8h \u00e0s 16h<\/p>\n\n\n\n<p>Frescobol \u2013 livre p\/ popula\u00e7\u00e3o &#8211; na Arena &#8211; das 8h \u00e0s 16h<\/p>\n\n\n\n<p>Polo aqu\u00e1tico &#8211; em formato de competi\u00e7\u00e3o, no Karrancas \u2013 das 9h \u00e0s 15h<\/p>\n\n\n\n<p><strong>DOMINGO (28\/01)<\/strong><\/p>\n\n\n\n<p><strong>CORRIDA 5KM \u2013 <\/strong>com percurso saindo da Arena Esporte at\u00e9 a Prainha, com concentra\u00e7\u00e3o \u00e0s 6h e sa\u00edda \u00e0s 7h<\/p>\n\n\n\n<p><strong>Passeio Cicl\u00edstico \u2013<\/strong> com percurso saindo da Arena Esportiva at\u00e9 a Prainha, com concentra\u00e7\u00e3o \u00e0s 6h e sa\u00edda \u00e0s 7h<\/p>\n\n\n\n<p><strong>Mesabol \u2013 <\/strong>livre p\/ popula\u00e7\u00e3o &#8211; na Arena &#8211; das 9h \u00e0s 13h<\/p>\n\n\n\n<p><strong>Frescobol \u2013<\/strong> livre p\/ popula\u00e7\u00e3o &#8211; na Arena &#8211; das 9h \u00e0s 13h<\/p>\n\n\n\n<p><strong>V\u00f4lei de praia \u2013 <\/strong>livre p\/ popula\u00e7\u00e3o &#8211; na Arena &#8211; das 9h \u00e0s 13h<\/p>\n\n\n\n<p><strong>Beach tennis &#8211;<\/strong> livre p\/ popula\u00e7\u00e3o &#8211; na Arena &#8211; das 9h \u00e0s 13h<\/p>\n\n\n\n<p><strong>Futev\u00f4lei \u2013 <\/strong>livre p\/ popula\u00e7\u00e3o &#8211; na Arena &#8211; das 9h \u00e0s 13h<\/p>\n\n\n\n<p><strong>\u00c1guas abertas \u2013 <\/strong>em formato de competi\u00e7\u00e3o, no Karrancas \u2013 com marca\u00e7\u00e3o dos atletas \u00e0s 9h, aquecimento \u00e0s 8h50, briefing \u00e0s 9h25, largada dos 400 metros masculino \u00e0s 09h30; 400m feminino \u00e0s 09h32; 1.000 e 2.000m masculino \u00e0s 10h; 1.000 e 2.000m feminino \u00e0s 10h05.<\/p>\n\n\n\n<p><strong><em>Acompanhe tamb\u00e9m o SE Not\u00edcias no\u00a0<a rel=\"noreferrer noopener\" href=\"https:\/\/twitter.com\/Senoticias\" target=\"_blank\">Twitter<\/a>,\u00a0<a rel=\"noreferrer noopener\" href=\"https:\/\/www.facebook.com\/senoticias1\" target=\"_blank\">Facebook<\/a>\u00a0e no\u00a0<a rel=\"noreferrer noopener\" href=\"https:\/\/www.instagram.com\/senoticias\/\" target=\"_blank\">Instagram<\/a><\/em><\/strong><\/p>\n\n\n\n<p>Fonte: Ag\u00eancia Sergipe de Not\u00edcias<\/p>\n","protected":false},"excerpt":{"rendered":"<p>No pr\u00f3ximo fim de semana, dias 26, 27 e 28 de janeiro, o Ver\u00e3o Sergipe chega \u00e0 cidade de Canind\u00e9 de S\u00e3o Francisco, no alto sert\u00e3o sergipano, com shows art\u00edsticos e atividades esportivas para a popula\u00e7\u00e3o. Na terceira edi\u00e7\u00e3o do evento deste ano, o Governo de Sergipe, por meio da Secretaria de Estado do Esporte [&hellip;]<\/p>\n","protected":false},"author":6557,"featured_media":0,"comment_status":"closed","ping_status":"closed","sticky":false,"template":"","format":"standard","meta":{"footnotes":""},"categories":[15,21,1],"tags":[1953,40408],"class_list":{"0":"post-140903","1":"post","2":"type-post","3":"status-publish","4":"format-standard","6":"category-destaques","7":"category-entretenimento","8":"category-sem-categoria","9":"tag-caninde-de-sao-francisco","10":"tag-verao-sergipe"},"_links":{"self":[{"href":"https:\/\/senoticias.com.br\/se\/wp-json\/wp\/v2\/posts\/140903"}],"collection":[{"href":"https:\/\/senoticias.com.br\/se\/wp-json\/wp\/v2\/posts"}],"about":[{"href":"https:\/\/senoticias.com.br\/se\/wp-json\/wp\/v2\/types\/post"}],"author":[{"embeddable":true,"href":"https:\/\/senoticias.com.br\/se\/wp-json\/wp\/v2\/users\/6557"}],"replies":[{"embeddable":true,"href":"https:\/\/senoticias.com.br\/se\/wp-json\/wp\/v2\/comments?post=140903"}],"version-history":[{"count":0,"href":"https:\/\/senoticias.com.br\/se\/wp-json\/wp\/v2\/posts\/140903\/revisions"}],"wp:attachment":[{"href":"https:\/\/senoticias.com.br\/se\/wp-json\/wp\/v2\/media?parent=140903"}],"wp:term":[{"taxonomy":"category","embeddable":true,"href":"https:\/\/senoticias.com.br\/se\/wp-json\/wp\/v2\/categories?post=140903"},{"taxonomy":"post_tag","embeddable":true,"href":"https:\/\/senoticias.com.br\/se\/wp-json\/wp\/v2\/tags?post=140903"}],"curies":[{"name":"wp","href":"https:\/\/api.w.org\/{rel}","templated":true}]}}