{"id":140893,"date":"2023-12-21T04:53:57","date_gmt":"2023-12-21T07:53:57","guid":{"rendered":"https:\/\/senoticias.com.br\/se\/?p=140893"},"modified":"2024-01-23T05:19:24","modified_gmt":"2024-01-23T08:19:24","slug":"em-2024-seguimos-juntos","status":"publish","type":"post","link":"https:\/\/senoticias.com.br\/se\/em-2024-seguimos-juntos\/","title":{"rendered":"Em 2024, seguimos juntos."},"content":{"rendered":"\n<p><strong><em>Informe Publicit\u00e1rio<\/em><\/strong><\/p>\n\n\n\n<p>A Assembleia Legislativa de Sergipe \u00e9 o cora\u00e7\u00e3o da Democracia, uma refer\u00eancia para o cidad\u00e3o sergipano, o local onde se trabalha pelo Estado de Direito e pelos valores nos quais os cidad\u00e3os sergipanos acreditam.<\/p>\n\n\n\n<figure class=\"wp-block-image size-large\"><img loading=\"lazy\" decoding=\"async\" width=\"665\" height=\"253\" src=\"https:\/\/senoticias.com.br\/se\/wp-content\/uploads\/2024\/01\/banner-ALese.jpg\" alt=\"\" class=\"wp-image-140894\" srcset=\"https:\/\/senoticias.com.br\/se\/wp-content\/uploads\/2024\/01\/banner-ALese.jpg 665w, https:\/\/senoticias.com.br\/se\/wp-content\/uploads\/2024\/01\/banner-ALese-300x114.jpg 300w\" sizes=\"(max-width: 665px) 100vw, 665px\" \/><figcaption> Assembleia Legislativa de Sergipe: cora\u00e7\u00e3o da democracia<\/figcaption><\/figure>\n\n\n\n<p>Os desafios vencidos em 2023 nos levam para um 2024 com mais seguran\u00e7a e cientes da nossa responsabilidade, com o firme prop\u00f3sito de propor o debate, buscar o desenvolvimento e estabelecer a cidadania, onde igualdade, diversidade e dignidade s\u00e3o mais do que palavras, um exerc\u00edcio di\u00e1rio.<\/p>\n\n\n\n<p>Para fechar o ano, realizamos uma campanha dotada de filme para TV, filme indoor, spot para r\u00e1dio e an\u00fancio de jornal, pe\u00e7as respons\u00e1veis para fazer chegar \u00e0 popula\u00e7\u00e3o, a nossa mensagem, que traduz o nosso engajamento com os anseios da sociedade, o nosso compromisso com o cidad\u00e3o sergipano e com o futuro de todos.<\/p>\n\n\n\n<p><strong><em>Acompanhe tamb\u00e9m o SE Not\u00edcias no\u00a0<a rel=\"noreferrer noopener\" href=\"https:\/\/twitter.com\/Senoticias\" target=\"_blank\">Twitter<\/a>,\u00a0<a rel=\"noreferrer noopener\" href=\"https:\/\/www.facebook.com\/senoticias1\" target=\"_blank\">Facebook<\/a>\u00a0e no\u00a0<a rel=\"noreferrer noopener\" href=\"https:\/\/www.instagram.com\/senoticias\/\" target=\"_blank\">Instagram<\/a><\/em><\/strong><\/p>\n\n\n\n<p><strong><em>Informe Publicit\u00e1rio da<\/em><\/strong> <strong><em>ASSEMBLEIA LEGISLATIVA DO ESTADO<\/em><\/strong><\/p>\n","protected":false},"excerpt":{"rendered":"<p>Informe Publicit\u00e1rio A Assembleia Legislativa de Sergipe \u00e9 o cora\u00e7\u00e3o da Democracia, uma refer\u00eancia para o cidad\u00e3o sergipano, o local onde se trabalha pelo Estado de Direito e pelos valores nos quais os cidad\u00e3os sergipanos acreditam. Os desafios vencidos em 2023 nos levam para um 2024 com mais seguran\u00e7a e cientes da nossa responsabilidade, com [&hellip;]<\/p>\n","protected":false},"author":6557,"featured_media":0,"comment_status":"closed","ping_status":"closed","sticky":false,"template":"","format":"standard","meta":{"footnotes":""},"categories":[15,6],"tags":[2830,3128,40985,40986],"class_list":{"0":"post-140893","1":"post","2":"type-post","3":"status-publish","4":"format-standard","6":"category-destaques","7":"category-politica","8":"tag-alese","9":"tag-assembleia-legislativa","10":"tag-em-2024","11":"tag-seguimos-juntos"},"_links":{"self":[{"href":"https:\/\/senoticias.com.br\/se\/wp-json\/wp\/v2\/posts\/140893"}],"collection":[{"href":"https:\/\/senoticias.com.br\/se\/wp-json\/wp\/v2\/posts"}],"about":[{"href":"https:\/\/senoticias.com.br\/se\/wp-json\/wp\/v2\/types\/post"}],"author":[{"embeddable":true,"href":"https:\/\/senoticias.com.br\/se\/wp-json\/wp\/v2\/users\/6557"}],"replies":[{"embeddable":true,"href":"https:\/\/senoticias.com.br\/se\/wp-json\/wp\/v2\/comments?post=140893"}],"version-history":[{"count":0,"href":"https:\/\/senoticias.com.br\/se\/wp-json\/wp\/v2\/posts\/140893\/revisions"}],"wp:attachment":[{"href":"https:\/\/senoticias.com.br\/se\/wp-json\/wp\/v2\/media?parent=140893"}],"wp:term":[{"taxonomy":"category","embeddable":true,"href":"https:\/\/senoticias.com.br\/se\/wp-json\/wp\/v2\/categories?post=140893"},{"taxonomy":"post_tag","embeddable":true,"href":"https:\/\/senoticias.com.br\/se\/wp-json\/wp\/v2\/tags?post=140893"}],"curies":[{"name":"wp","href":"https:\/\/api.w.org\/{rel}","templated":true}]}}