{"id":140886,"date":"2024-01-22T15:35:03","date_gmt":"2024-01-22T18:35:03","guid":{"rendered":"https:\/\/senoticias.com.br\/se\/?p=140886"},"modified":"2024-01-22T16:09:18","modified_gmt":"2024-01-22T19:09:18","slug":"presidente-do-tce-recebe-dirigentes-da-fames-em-visita-institucional","status":"publish","type":"post","link":"https:\/\/senoticias.com.br\/se\/presidente-do-tce-recebe-dirigentes-da-fames-em-visita-institucional\/","title":{"rendered":"Presidente do TCE recebe dirigentes da Fames em visita institucional"},"content":{"rendered":"\n<p><\/p>\n\n\n\n<p>A conselheira Susana Azevedo, presidente do Tribunal de Contas do Estado (TCE\/SE), recebeu em seu gabinete nesta segunda-feira, 22, o presidente da Federa\u00e7\u00e3o dos Munic\u00edpios do Estado de Sergipe (Fames) e prefeito do munic\u00edpio de Areia Branca, Alan de Agripino, acompanhado da prefeita do munic\u00edpio de Capela, Silvany Mamlak; do prefeito de Frei Paulo, Anderson Menezes, e do superintendente da Fames, Gleidson Oliveira.<\/p>\n\n\n\n<figure class=\"wp-block-image size-large\"><img loading=\"lazy\" decoding=\"async\" width=\"560\" height=\"372\" src=\"https:\/\/senoticias.com.br\/se\/wp-content\/uploads\/2024\/01\/Susana-Azevedo-SE-Noticias.jpg\" alt=\"\" class=\"wp-image-140888\" srcset=\"https:\/\/senoticias.com.br\/se\/wp-content\/uploads\/2024\/01\/Susana-Azevedo-SE-Noticias.jpg 560w, https:\/\/senoticias.com.br\/se\/wp-content\/uploads\/2024\/01\/Susana-Azevedo-SE-Noticias-300x199.jpg 300w, https:\/\/senoticias.com.br\/se\/wp-content\/uploads\/2024\/01\/Susana-Azevedo-SE-Noticias-90x60.jpg 90w, https:\/\/senoticias.com.br\/se\/wp-content\/uploads\/2024\/01\/Susana-Azevedo-SE-Noticias-180x120.jpg 180w, https:\/\/senoticias.com.br\/se\/wp-content\/uploads\/2024\/01\/Susana-Azevedo-SE-Noticias-95x64.jpg 95w\" sizes=\"(max-width: 560px) 100vw, 560px\" \/><figcaption>Conselheira Susana Azevedo, presidente do Tribunal de Contas do Estado &#8211; Foto: Graccho<\/figcaption><\/figure>\n\n\n\n<p>&#8220;A conselheira Susana Azevedo sempre manteve um di\u00e1logo aberto com os prefeitos; viemos colocar alguns problemas que os munic\u00edpios sergipanos precisam solucionar, em \u00e1reas como educa\u00e7\u00e3o, sa\u00fade, assist\u00eancia social&#8221;, comentou o presidente da Fames.<\/p>\n\n\n\n<p>De acordo com a presidente do TCE, a entidade que representa os munic\u00edpios sergipanos ser\u00e1 parceira na mobiliza\u00e7\u00e3o dos gestores e na dissemina\u00e7\u00e3o das a\u00e7\u00f5es orientativas que a Corte ir\u00e1 desenvolver nas \u00e1reas com maior destina\u00e7\u00e3o de recursos p\u00fablicos.<\/p>\n\n\n\n<p>&#8220;J\u00e1 temos diversos treinamentos previstos para os pr\u00f3ximos meses e o apoio da Fames ser\u00e1 fundamental para que possamos atingir nosso objetivo de levar ainda mais conhecimento aos administradores p\u00fablicos e a suas equipes de trabalho&#8221;, afirmou a conselheira Susana Azevedo.<\/p>\n\n\n\n<p><strong><em>Acompanhe tamb\u00e9m o SE Not\u00edcias no&nbsp;<a rel=\"noreferrer noopener\" href=\"https:\/\/twitter.com\/Senoticias\" target=\"_blank\">Twitter<\/a>,&nbsp;<a rel=\"noreferrer noopener\" href=\"https:\/\/www.facebook.com\/senoticias1\" target=\"_blank\">Facebook<\/a>&nbsp;e no&nbsp;<a rel=\"noreferrer noopener\" href=\"https:\/\/www.instagram.com\/senoticias\/\" target=\"_blank\">Instagram<\/a><\/em><\/strong><\/p>\n\n\n\n<p>Fonte: ascom\/TCE<\/p>\n","protected":false},"excerpt":{"rendered":"<p>A conselheira Susana Azevedo, presidente do Tribunal de Contas do Estado (TCE\/SE), recebeu em seu gabinete nesta segunda-feira, 22, o presidente da Federa\u00e7\u00e3o dos Munic\u00edpios do Estado de Sergipe (Fames) e prefeito do munic\u00edpio de Areia Branca, Alan de Agripino, acompanhado da prefeita do munic\u00edpio de Capela, Silvany Mamlak; do prefeito de Frei Paulo, Anderson [&hellip;]<\/p>\n","protected":false},"author":6557,"featured_media":0,"comment_status":"closed","ping_status":"closed","sticky":false,"template":"","format":"standard","meta":{"footnotes":""},"categories":[15,6,1],"tags":[1044,1043],"class_list":{"0":"post-140886","1":"post","2":"type-post","3":"status-publish","4":"format-standard","6":"category-destaques","7":"category-politica","8":"category-sem-categoria","9":"tag-conselheira-susana-azevedo","10":"tag-susana-azevedo"},"_links":{"self":[{"href":"https:\/\/senoticias.com.br\/se\/wp-json\/wp\/v2\/posts\/140886"}],"collection":[{"href":"https:\/\/senoticias.com.br\/se\/wp-json\/wp\/v2\/posts"}],"about":[{"href":"https:\/\/senoticias.com.br\/se\/wp-json\/wp\/v2\/types\/post"}],"author":[{"embeddable":true,"href":"https:\/\/senoticias.com.br\/se\/wp-json\/wp\/v2\/users\/6557"}],"replies":[{"embeddable":true,"href":"https:\/\/senoticias.com.br\/se\/wp-json\/wp\/v2\/comments?post=140886"}],"version-history":[{"count":0,"href":"https:\/\/senoticias.com.br\/se\/wp-json\/wp\/v2\/posts\/140886\/revisions"}],"wp:attachment":[{"href":"https:\/\/senoticias.com.br\/se\/wp-json\/wp\/v2\/media?parent=140886"}],"wp:term":[{"taxonomy":"category","embeddable":true,"href":"https:\/\/senoticias.com.br\/se\/wp-json\/wp\/v2\/categories?post=140886"},{"taxonomy":"post_tag","embeddable":true,"href":"https:\/\/senoticias.com.br\/se\/wp-json\/wp\/v2\/tags?post=140886"}],"curies":[{"name":"wp","href":"https:\/\/api.w.org\/{rel}","templated":true}]}}