{"id":140857,"date":"2024-01-18T14:45:01","date_gmt":"2024-01-18T17:45:01","guid":{"rendered":"https:\/\/senoticias.com.br\/se\/?p=140857"},"modified":"2024-01-18T14:59:53","modified_gmt":"2024-01-18T17:59:53","slug":"motoristas-do-transporte-coletivo-e-usuarios-ressaltam-melhorias-na-mobilidade-urbana-com-corredores-de-onibus","status":"publish","type":"post","link":"https:\/\/senoticias.com.br\/se\/motoristas-do-transporte-coletivo-e-usuarios-ressaltam-melhorias-na-mobilidade-urbana-com-corredores-de-onibus\/","title":{"rendered":"Motoristas do transporte coletivo e usu\u00e1rios ressaltam melhorias na mobilidade urbana com corredores de \u00f4nibus"},"content":{"rendered":"\n<p><\/p>\n\n\n\n<p>Ap\u00f3s cinco meses de novas regras de tr\u00e1fego e travessia em vias de Aracaju, motoristas do transporte coletivo e usu\u00e1rios aprovam as faixas exclusivas para \u00f4nibus, pois a proposta tem oferecido benef\u00edcios que agradam a todos que utilizam do transporte.<\/p>\n\n\n\n<p>O presidente do Sindicato dos Trabalhadores em Transportes Rodovi\u00e1rios de Aracaju, Miguel Belarmino, afirma que os corredores de \u00f4nibus chegaram para contribuir com o trabalho dos motoristas dos \u00f4nibus e com a mobilidade urbana. &#8220;Antes, os motoristas tinham dificuldade de se alimentar na hora do seu repouso, de ir ao banheiro, e com a regulariza\u00e7\u00e3o dos corredores, eles est\u00e3o com tempo suficiente e passando por menos estresse, tendo mais qualidade de vida. A gente pede por mais vias com corredores, principalmente, nas mais movimentadas como a Tancredo Neves, para uma melhor fluidez&#8221;, afirma Miguel.<\/p>\n\n\n\n<figure class=\"wp-block-image size-large\"><img loading=\"lazy\" decoding=\"async\" width=\"585\" height=\"381\" src=\"https:\/\/senoticias.com.br\/se\/wp-content\/uploads\/2024\/01\/usuario-se-noticias.jpg\" alt=\"\" class=\"wp-image-140859\" srcset=\"https:\/\/senoticias.com.br\/se\/wp-content\/uploads\/2024\/01\/usuario-se-noticias.jpg 585w, https:\/\/senoticias.com.br\/se\/wp-content\/uploads\/2024\/01\/usuario-se-noticias-300x195.jpg 300w, https:\/\/senoticias.com.br\/se\/wp-content\/uploads\/2024\/01\/usuario-se-noticias-90x60.jpg 90w\" sizes=\"(max-width: 585px) 100vw, 585px\" \/><figcaption>Segundo o Sindicato dos Trabalhadores em Transportes Rodovi\u00e1rios, usu\u00e1rios est\u00e3o satifeitos.<\/figcaption><\/figure>\n\n\n\n<p>Motoristas rodovi\u00e1rios do transporte coletivo da capital falam da nova experi\u00eancia no tr\u00e2nsito. &#8220;Os corredores exclusivos beneficiaram muito, porque o tr\u00e2nsito nessas vias n\u00e3o est\u00e1 engarrafado. Por\u00e9m, existe ainda a falta de conscientiza\u00e7\u00e3o de algumas pessoas, a exemplo dos ciclistas que n\u00e3o respeitam e v\u00eam na contram\u00e3o e alguns motoristas de autom\u00f3veis que insistem em andar pela via exclusiva dos \u00f4nibus. As vias escolhidas foram vi\u00e1veis, mas seria ainda melhor que existissem mais corredores espalhados pela cidade, pois o motorista consegue conciliar a dire\u00e7\u00e3o com um bom atendimento ao usu\u00e1rio&#8221;, explica o motorista Renisson Silva, que est\u00e1 h\u00e1 quatro anos nesta profiss\u00e3o.<\/p>\n\n\n\n<p>&#8220;Com os corredores foi poss\u00edvel melhorar os hor\u00e1rios de chegada dos \u00f4nibus nos pontos, acabou com os engarrafamentos nessas vias e tem ajudado a evitar colis\u00f5es. A gente espera que todos comecem a contribuir com a mudan\u00e7a e respeitem a faixa exclusiva, pois as vias mais respeitadas \u00e9 onde h\u00e1 fiscaliza\u00e7\u00e3o. Mas acredito que aos poucos fique ainda melhor, pois hoje dirigimos com mais tranquilidade, paci\u00eancia e, inclusive, temos observado que os pr\u00f3prios passageiros t\u00eam ficado mais satisfeitos&#8221;, disse o motorista Ant\u00f4nio Teixeira.<\/p>\n\n\n\n<p>A estudante Diana Lima Barreto costuma pegar duas vias, diariamente, e ela afirma que sente a diferen\u00e7a no tempo de dura\u00e7\u00e3o da viagem, quando usa a via com corredor para \u00f4nibus. &#8220;Eu pego duas vias, uma pra ir para minha casa e outra para ir para o trabalho. Para o trabalho eu pego \u00f4nibus na Avenida Hermes Fontes, que adianta muito mais o meu transporte, consigo chegar em tempo h\u00e1bil, mas quando eu pego a Avenida Desembargador para ir pra S\u00e3o Crist\u00f3v\u00e3o \u00e9 um caos, porque n\u00e3o tem o corredor, ent\u00e3o fica congestionado&#8221;, explica Diana.<\/p>\n\n\n\n<p>Segundo o atendente e usu\u00e1rio do transporte coletivo Pablo Diego Fons\u00eaca, os benef\u00edcios s\u00e3o grandes com rela\u00e7\u00e3o a mobilidade urbana. &#8220;Est\u00e1 muito mais vi\u00e1vel, hoje, pegar \u00f4nibus do que um t\u00e1xi em hor\u00e1rio de pico, por causa do corredor livre. Al\u00e9m dos \u00f4nibus chegarem mais pontuais nos pontos de \u00f4nibus, o tempo de espera tamb\u00e9m diminuiu. Ent\u00e3o, onde tiver espa\u00e7o para colocar mais corredores exclusivos para \u00f4nibus e puder colocar, ser\u00e1 bem-vindo&#8221;, conta.<\/p>\n\n\n\n<p><strong><em>Acompanhe tamb\u00e9m o SE Not\u00edcias no\u00a0<a rel=\"noreferrer noopener\" href=\"https:\/\/twitter.com\/Senoticias\" target=\"_blank\">Twitter<\/a>,\u00a0<a rel=\"noreferrer noopener\" href=\"https:\/\/www.facebook.com\/senoticias1\" target=\"_blank\">Facebook<\/a>\u00a0e no\u00a0<a rel=\"noreferrer noopener\" href=\"https:\/\/www.instagram.com\/senoticias\/\" target=\"_blank\">Instagram<\/a><\/em><\/strong><\/p>\n\n\n\n<p>ASCOM\/SINTTRA<\/p>\n","protected":false},"excerpt":{"rendered":"<p>Ap\u00f3s cinco meses de novas regras de tr\u00e1fego e travessia em vias de Aracaju, motoristas do transporte coletivo e usu\u00e1rios aprovam as faixas exclusivas para \u00f4nibus, pois a proposta tem oferecido benef\u00edcios que agradam a todos que utilizam do transporte. O presidente do Sindicato dos Trabalhadores em Transportes Rodovi\u00e1rios de Aracaju, Miguel Belarmino, afirma que [&hellip;]<\/p>\n","protected":false},"author":6552,"featured_media":0,"comment_status":"closed","ping_status":"closed","sticky":false,"template":"","format":"standard","meta":{"footnotes":""},"categories":[15,38,1],"tags":[339,3060,14875,4265],"class_list":{"0":"post-140857","1":"post","2":"type-post","3":"status-publish","4":"format-standard","6":"category-destaques","7":"category-municipios","8":"category-sem-categoria","9":"tag-aracaju","10":"tag-sintrase","11":"tag-transporte-coletivo","12":"tag-usuarios"},"_links":{"self":[{"href":"https:\/\/senoticias.com.br\/se\/wp-json\/wp\/v2\/posts\/140857"}],"collection":[{"href":"https:\/\/senoticias.com.br\/se\/wp-json\/wp\/v2\/posts"}],"about":[{"href":"https:\/\/senoticias.com.br\/se\/wp-json\/wp\/v2\/types\/post"}],"author":[{"embeddable":true,"href":"https:\/\/senoticias.com.br\/se\/wp-json\/wp\/v2\/users\/6552"}],"replies":[{"embeddable":true,"href":"https:\/\/senoticias.com.br\/se\/wp-json\/wp\/v2\/comments?post=140857"}],"version-history":[{"count":0,"href":"https:\/\/senoticias.com.br\/se\/wp-json\/wp\/v2\/posts\/140857\/revisions"}],"wp:attachment":[{"href":"https:\/\/senoticias.com.br\/se\/wp-json\/wp\/v2\/media?parent=140857"}],"wp:term":[{"taxonomy":"category","embeddable":true,"href":"https:\/\/senoticias.com.br\/se\/wp-json\/wp\/v2\/categories?post=140857"},{"taxonomy":"post_tag","embeddable":true,"href":"https:\/\/senoticias.com.br\/se\/wp-json\/wp\/v2\/tags?post=140857"}],"curies":[{"name":"wp","href":"https:\/\/api.w.org\/{rel}","templated":true}]}}