{"id":140848,"date":"2024-01-18T08:50:20","date_gmt":"2024-01-18T11:50:20","guid":{"rendered":"https:\/\/senoticias.com.br\/se\/?p=140848"},"modified":"2024-01-18T08:55:20","modified_gmt":"2024-01-18T11:55:20","slug":"programacao-esportiva-do-verao-sergipe-vai-valorizar-a-geografia-de-ponta-dos-mangues-em-pacatuba","status":"publish","type":"post","link":"https:\/\/senoticias.com.br\/se\/programacao-esportiva-do-verao-sergipe-vai-valorizar-a-geografia-de-ponta-dos-mangues-em-pacatuba\/","title":{"rendered":"Ponta dos Mangues: confira a programa\u00e7\u00e3o esportiva do Ver\u00e3o Sergipe"},"content":{"rendered":"\n<p><\/p>\n\n\n\n<p>Assim como aconteceu na Praia da Caueira, a programa\u00e7\u00e3o esportiva do Ver\u00e3o Sergipe, que acontecer\u00e1 neste final de semana, <strong>dias 20 e 21 de janeiro, em Ponta dos Mangues, na cidade de Pacatuba<\/strong>, foi desenvolvida considerando a geografia da regi\u00e3o. Al\u00e9m dos shows, o Governo de Sergipe, por meio da Secretaria de Estado do Esporte e Lazer (Seel), vai montar a Arena Esporte, onde ir\u00e1 promover aulas e competi\u00e7\u00f5es de beach soccer, v\u00f4lei de praia, mesabol, frescobol, stand up paddle, corrida e corrida de canoa de pano.<\/p>\n\n\n\n<figure class=\"wp-block-image size-large\"><img loading=\"lazy\" decoding=\"async\" width=\"570\" height=\"230\" src=\"https:\/\/senoticias.com.br\/se\/wp-content\/uploads\/2024\/01\/Ponta-dos-Mangues-se-noticias.jpg\" alt=\"\" class=\"wp-image-140850\" srcset=\"https:\/\/senoticias.com.br\/se\/wp-content\/uploads\/2024\/01\/Ponta-dos-Mangues-se-noticias.jpg 570w, https:\/\/senoticias.com.br\/se\/wp-content\/uploads\/2024\/01\/Ponta-dos-Mangues-se-noticias-300x121.jpg 300w, https:\/\/senoticias.com.br\/se\/wp-content\/uploads\/2024\/01\/Ponta-dos-Mangues-se-noticias-567x230.jpg 567w\" sizes=\"(max-width: 570px) 100vw, 570px\" \/><figcaption>Ver\u00e3o Sergipe vai acontecer na Ponta dos Mangues &#8211; Foto: arquivo\/viagem bem<\/figcaption><\/figure>\n\n\n\n<p>A Arena Esporte ser\u00e1 o ponto central das atividades esportivas do Ver\u00e3o Sergipe, onde ser\u00e3o realizadas as atividades de quadra, e tamb\u00e9m ser\u00e1 o ponto de concentra\u00e7\u00e3o, sa\u00edda e chegada para a corrida de cinco quil\u00f4metros. Para valorizar as tradi\u00e7\u00f5es da cidade de Pacatuba, que \u00e9 banhada pelo rio Parapuca, a programa\u00e7\u00e3o ainda vai incluir uma corrida de canoa de pano, envolvendo cerca de 20 embarca\u00e7\u00f5es tradicionais da regi\u00e3o, que tem a pesca como forma de subsist\u00eancia.<\/p>\n\n\n\n<p>No s\u00e1bado, 20, as atividades esportivas ser\u00e3o realizadas das 8h \u00e0s 16h. No domingo, 21, a corrida sair\u00e1 \u00e0s 7 horas, e as demais atividades ser\u00e3o realizadas das 9h \u00e0s 13h. Algumas modalidades ser\u00e3o abertas ao p\u00fablico, como o mesabol, frescobol, stand up e v\u00f4lei de praia, as demais, como o beach soccer, v\u00f4lei de praia, corrida e corrida de canoa de pano, necessitam de inscri\u00e7\u00e3o pr\u00e9via, que pode ser realizada at\u00e9 sexta-feira, 19, por meio do site <strong><a href=\"https:\/\/veraosergipe.se.gov.br\/\">veraosergipe.se.gov.br.<\/a><\/strong><\/p>\n\n\n\n<p>A secret\u00e1ria de Estado do Esporte e Lazer, Mariana Dantas, convida a popula\u00e7\u00e3o a praticar esporte durante os dias do Ver\u00e3o Sergipe e conhecer novas modalidades. \u201cA nossa programa\u00e7\u00e3o esportiva foi pensada considerando a geografia de Ponta dos Mangues, que tem rio, tem areia, tem dunas. Pensamos em atividades tradicionais nas regi\u00f5es litor\u00e2neas, que podem ser praticadas por todos, e tamb\u00e9m fizemos quest\u00e3o de incluir a corrida de canoa de pano, que \u00e9 muito comum na regi\u00e3o. Os pr\u00f3prios pescadores da regi\u00e3o v\u00e3o participar da corrida pelo rio Parapuca, um bra\u00e7o do nosso Rio S\u00e3o Francisco. Vai ser uma das modalidades mais bonitas de se ver, pelo belo visual da regi\u00e3o misturado ao colorido das canos de pano\u201d, afirma a secret\u00e1ria.<\/p>\n\n\n\n<p>A secret\u00e1ria acrescenta que a corrida de cinco quil\u00f4metros ser\u00e1 realizada em todas as cidades do Ver\u00e3o Sergipe e oferece alternativa aos corredores que moram em Aracaju. \u201cA gente sabe que Sergipe tem ganhado muitos adeptos da corrida e que a dist\u00e2ncia at\u00e9 a cidade de Pacatuba pode ser um impeditivo para a participa\u00e7\u00e3o desses atletas. Pensando nisso, vamos disponibilizar um \u00f4nibus que sair\u00e1 no domingo, \u00e0s 4h, da Arena Batist\u00e3o, com destino \u00e0 cidade de Pacatuba. Dessa forma, os atletas que quiserem participar das corridas do Ver\u00e3o Sergipe n\u00e3o ter\u00e3o desculpa, pois ter\u00e3o esse suporte do Estado na ida e na volta\u201d, conclui a secret\u00e1ria.<\/p>\n\n\n\n<p><strong>Programa\u00e7\u00e3o<\/strong><\/p>\n\n\n\n<p><strong>S\u00e1bado, 20 de janeiro<\/strong><br>Beach soccer &#8211; competi\u00e7\u00e3o: 8h \u00e0s 16h;<br>V\u00f4lei de praia masculino\/feminino\/competi\u00e7\u00e3o: 8h \u00e0s 16h;<br>Mesabol \u2013 livre para a popula\u00e7\u00e3o: 8h \u00e0s 16h;<br>Frescobol \u2013 livre para a popula\u00e7\u00e3o: 8h \u00e0s 16h;<br>Stand up \u2013 livre para a popula\u00e7\u00e3o: 8h \u00e0s 16h.<\/p>\n\n\n\n<p><strong>Domingo, 21 de janeiro<\/strong><br><strong>Corrida 5 km: <\/strong>7h \u00e0s 9h &#8211; concentra\u00e7\u00e3o \u00e0s 6h, na prainha de Ponta dos Mangues &#8211; sa\u00edda \u00e0s 7h;<br><strong>Beach soccer &#8211; competi\u00e7\u00e3o: <\/strong>9h \u00e0s 13h;<br><strong>Mesabol &#8211; livre para a popula\u00e7\u00e3o: <\/strong>9h \u00e0s 13;<br><strong>Frescobol &#8211; livre para a popula\u00e7\u00e3o: <\/strong>9h \u00e0s 13h;<br><strong>Quadra de v\u00f4lei de praia &#8211; livre para a popula\u00e7\u00e3o<\/strong>: 9h \u00e0s 13h;<br><strong>Stand up &#8211; livre para a popula\u00e7\u00e3o:<\/strong> 9h \u00e0s 13h;<br><strong>Corrida de barco &#8220;canoa de pano&#8221;: <\/strong>concentra\u00e7\u00e3o \u00e0s 9h, na prainha de Ponta dos Mangues; sa\u00edda \u00e0s 10h.<\/p>\n\n\n\n<p><strong><em>Acompanhe tamb\u00e9m o SE Not\u00edcias no\u00a0<a rel=\"noreferrer noopener\" href=\"https:\/\/twitter.com\/Senoticias\" target=\"_blank\">Twitter<\/a>,\u00a0<a rel=\"noreferrer noopener\" href=\"https:\/\/www.facebook.com\/senoticias1\" target=\"_blank\">Facebook<\/a>\u00a0e no\u00a0<a rel=\"noreferrer noopener\" href=\"https:\/\/www.instagram.com\/senoticias\/\" target=\"_blank\">Instagram<\/a><\/em><\/strong><\/p>\n\n\n\n<p>Ascom \/Secretaria de Estado do Esporte e Lazer<\/p>\n","protected":false},"excerpt":{"rendered":"<p>Assim como aconteceu na Praia da Caueira, a programa\u00e7\u00e3o esportiva do Ver\u00e3o Sergipe, que acontecer\u00e1 neste final de semana, dias 20 e 21 de janeiro, em Ponta dos Mangues, na cidade de Pacatuba, foi desenvolvida considerando a geografia da regi\u00e3o. Al\u00e9m dos shows, o Governo de Sergipe, por meio da Secretaria de Estado do Esporte [&hellip;]<\/p>\n","protected":false},"author":6552,"featured_media":0,"comment_status":"closed","ping_status":"closed","sticky":false,"template":"","format":"standard","meta":{"footnotes":""},"categories":[15,21],"tags":[448,5365,40971,40408],"class_list":{"0":"post-140848","1":"post","2":"type-post","3":"status-publish","4":"format-standard","6":"category-destaques","7":"category-entretenimento","8":"tag-governo-de-sergipe","9":"tag-pacatuba","10":"tag-ponta-dos-mangues","11":"tag-verao-sergipe"},"_links":{"self":[{"href":"https:\/\/senoticias.com.br\/se\/wp-json\/wp\/v2\/posts\/140848"}],"collection":[{"href":"https:\/\/senoticias.com.br\/se\/wp-json\/wp\/v2\/posts"}],"about":[{"href":"https:\/\/senoticias.com.br\/se\/wp-json\/wp\/v2\/types\/post"}],"author":[{"embeddable":true,"href":"https:\/\/senoticias.com.br\/se\/wp-json\/wp\/v2\/users\/6552"}],"replies":[{"embeddable":true,"href":"https:\/\/senoticias.com.br\/se\/wp-json\/wp\/v2\/comments?post=140848"}],"version-history":[{"count":0,"href":"https:\/\/senoticias.com.br\/se\/wp-json\/wp\/v2\/posts\/140848\/revisions"}],"wp:attachment":[{"href":"https:\/\/senoticias.com.br\/se\/wp-json\/wp\/v2\/media?parent=140848"}],"wp:term":[{"taxonomy":"category","embeddable":true,"href":"https:\/\/senoticias.com.br\/se\/wp-json\/wp\/v2\/categories?post=140848"},{"taxonomy":"post_tag","embeddable":true,"href":"https:\/\/senoticias.com.br\/se\/wp-json\/wp\/v2\/tags?post=140848"}],"curies":[{"name":"wp","href":"https:\/\/api.w.org\/{rel}","templated":true}]}}