{"id":140824,"date":"2024-01-16T21:19:11","date_gmt":"2024-01-17T00:19:11","guid":{"rendered":"https:\/\/senoticias.com.br\/se\/?p=140824"},"modified":"2024-01-16T21:21:13","modified_gmt":"2024-01-17T00:21:13","slug":"tres-homens-invadem-roubam-aparelhos-eletronicos-dinheiro-e-tentam-fugir-com-carro-da-familia","status":"publish","type":"post","link":"https:\/\/senoticias.com.br\/se\/tres-homens-invadem-roubam-aparelhos-eletronicos-dinheiro-e-tentam-fugir-com-carro-da-familia\/","title":{"rendered":"Tr\u00eas homens invadem resid\u00eancia, roubam aparelhos eletr\u00f4nicos, dinheiro e tentam fugir com carro da fam\u00edlia"},"content":{"rendered":"\n<p>Uma casa foi invadida na manh\u00e3 desta ter\u00e7a-feira, 16, no bairro V\u00e1rzea Grande, em S\u00e3o Crist\u00f3v\u00e3o. Informa\u00e7\u00f5es inicias d\u00e3o conta que a dona da resid\u00eancia, de idade n\u00e3o identificada, foi abordada por tr\u00eas suspeitos na porta de sua resid\u00eancia que a levaram para o interior da casa, subtraindo eletrodom\u00e9sticos, pertences diversos e valor em dinheiro n\u00e3o divulgado, o material do roubo fora colocado no porta-malas do ve\u00edculo da fam\u00edlia, contudo, n\u00e3o conseguiram empreender fuga, pois o carro n\u00e3o funcionou no momento. Mesmo assim, imagens registradas, mostram que os mesmos carregaram os objetos do roubo em m\u00e3os e evadiram-se do local, a p\u00e9.<\/p>\n\n\n\n<p>Problema antigo e recorrente, mas que moradores ainda sofrem constantemente com a inseguran\u00e7a instalada na regi\u00e3o do Bairro V\u00e1rzea Grande no munic\u00edpio de S\u00e3o Crist\u00f3v\u00e3o. Roubos, furtos e invas\u00f5es a resid\u00eancias t\u00eam se tornado frequentes e traz p\u00e2nico aos moradores, que buscam por socorro da Pol\u00edcia Militar, para que possa agir no combate \u00e0 criminalidade, trazendo seguran\u00e7a para a comunidade.<\/p>\n\n\n\n<p>O epis\u00f3dio relatado teve a a\u00e7\u00e3o registrada por uma c\u00e2mera de seguran\u00e7a, onde relatos e testemunhos s\u00e3o corriqueiros, por\u00e9m, muitos n\u00e3o externam por receio de retalia\u00e7\u00f5es que possam vir a sofrer, mas n\u00e3o negam a insatisfa\u00e7\u00e3o e o temor ante a situa\u00e7\u00e3o vivida diariamente por todos que ali residem.<\/p>\n\n\n\n<p>Ao <strong>SE Not\u00edcias,<\/strong> o Capit\u00e3o Jorge Wilson, comandante da 1\u00aa Companhia Independente de Pol\u00edcia Militar (1\u00aa CIPM) em S\u00e3o Crist\u00f3v\u00e3o, informou que esteve no local realizando buscas e que est\u00e1 refor\u00e7ando o policiamento na regi\u00e3o para que fato como esse n\u00e3o volte a acontecer.<\/p>\n\n\n\n<p>Vale ressaltar a comunidade em geral, que h\u00e1 canal dispon\u00edvel para den\u00fancias e informa\u00e7\u00f5es que possam ajudar as autoridades policiais a conseguir a identifica\u00e7\u00e3o e paradeiro dos suspeitos envolvidos neste epis\u00f3dio, sejam repassadas ao Disque Den\u00fancia no telefone <strong>181 (Sigilo Garantido).<\/strong><\/p>\n\n\n\n<p><strong><em>Acompanhe tamb\u00e9m o SE Not\u00edcias no\u00a0<a rel=\"noreferrer noopener\" href=\"https:\/\/twitter.com\/Senoticias\" target=\"_blank\">Twitter<\/a>,\u00a0<a rel=\"noreferrer noopener\" href=\"https:\/\/www.facebook.com\/senoticias1\" target=\"_blank\">Facebook<\/a>\u00a0e no\u00a0<a rel=\"noreferrer noopener\" href=\"https:\/\/www.instagram.com\/senoticias\/\" target=\"_blank\">Instagram<\/a><\/em><\/strong><\/p>\n\n\n\n<p><strong><em>Reda\u00e7\u00e3o SE Not\u00edcias<\/em><\/strong><\/p>\n","protected":false},"excerpt":{"rendered":"<p>Uma casa foi invadida na manh\u00e3 desta ter\u00e7a-feira, 16, no bairro V\u00e1rzea Grande, em S\u00e3o Crist\u00f3v\u00e3o. Informa\u00e7\u00f5es inicias d\u00e3o conta que a dona da resid\u00eancia, de idade n\u00e3o identificada, foi abordada por tr\u00eas suspeitos na porta de sua resid\u00eancia que a levaram para o interior da casa, subtraindo eletrodom\u00e9sticos, pertences diversos e valor em dinheiro [&hellip;]<\/p>\n","protected":false},"author":6557,"featured_media":0,"comment_status":"closed","ping_status":"closed","sticky":false,"template":"","format":"standard","meta":{"footnotes":""},"categories":[15,7],"tags":[],"class_list":{"0":"post-140824","1":"post","2":"type-post","3":"status-publish","4":"format-standard","6":"category-destaques","7":"category-policia"},"_links":{"self":[{"href":"https:\/\/senoticias.com.br\/se\/wp-json\/wp\/v2\/posts\/140824"}],"collection":[{"href":"https:\/\/senoticias.com.br\/se\/wp-json\/wp\/v2\/posts"}],"about":[{"href":"https:\/\/senoticias.com.br\/se\/wp-json\/wp\/v2\/types\/post"}],"author":[{"embeddable":true,"href":"https:\/\/senoticias.com.br\/se\/wp-json\/wp\/v2\/users\/6557"}],"replies":[{"embeddable":true,"href":"https:\/\/senoticias.com.br\/se\/wp-json\/wp\/v2\/comments?post=140824"}],"version-history":[{"count":0,"href":"https:\/\/senoticias.com.br\/se\/wp-json\/wp\/v2\/posts\/140824\/revisions"}],"wp:attachment":[{"href":"https:\/\/senoticias.com.br\/se\/wp-json\/wp\/v2\/media?parent=140824"}],"wp:term":[{"taxonomy":"category","embeddable":true,"href":"https:\/\/senoticias.com.br\/se\/wp-json\/wp\/v2\/categories?post=140824"},{"taxonomy":"post_tag","embeddable":true,"href":"https:\/\/senoticias.com.br\/se\/wp-json\/wp\/v2\/tags?post=140824"}],"curies":[{"name":"wp","href":"https:\/\/api.w.org\/{rel}","templated":true}]}}