{"id":140821,"date":"2024-01-16T20:33:37","date_gmt":"2024-01-16T23:33:37","guid":{"rendered":"https:\/\/senoticias.com.br\/se\/?p=140821"},"modified":"2024-01-16T20:33:41","modified_gmt":"2024-01-16T23:33:41","slug":"acidente-entre-dois-carros-deixa-medica-morta-em-riachao-do-jacuipe","status":"publish","type":"post","link":"https:\/\/senoticias.com.br\/se\/acidente-entre-dois-carros-deixa-medica-morta-em-riachao-do-jacuipe\/","title":{"rendered":"Acidente entre dois carros deixa m\u00e9dica morta em Riach\u00e3o do Jacu\u00edpe"},"content":{"rendered":"\n<p><\/p>\n\n\n\n<p>A m\u00e9dica Pothira Carneiro Cerqueira Souza, de 30 anos, morreu ap\u00f3s o carro que dirigia bater de frente com outro ve\u00edculo na manh\u00e3 desta ter\u00e7a-feira (16) na BA-120, na regi\u00e3o de Riach\u00e3o do Jacu\u00edpe. Pothira era m\u00e9dica residente do Programa de Cl\u00ednica M\u00e9dica do Hospital Municipal de Salvador (HMS) e morava em Concei\u00e7\u00e3o do Coit\u00e9.<\/p>\n\n\n\n<figure class=\"wp-block-image size-large\"><img loading=\"lazy\" decoding=\"async\" width=\"592\" height=\"684\" src=\"https:\/\/senoticias.com.br\/se\/wp-content\/uploads\/2024\/01\/POTHIRA-SOUZA-se-noticias.jpg\" alt=\"\" class=\"wp-image-140823\" srcset=\"https:\/\/senoticias.com.br\/se\/wp-content\/uploads\/2024\/01\/POTHIRA-SOUZA-se-noticias.jpg 592w, https:\/\/senoticias.com.br\/se\/wp-content\/uploads\/2024\/01\/POTHIRA-SOUZA-se-noticias-260x300.jpg 260w\" sizes=\"(max-width: 592px) 100vw, 592px\" \/><figcaption>Carro de Pothira Carneiro Cerqueira Souza pegou fogo logo ap\u00f3s a colis\u00e3o &#8211; Foto: arquivo pessoal<\/figcaption><\/figure>\n\n\n\n<p>Segundo a Brigada Volunt\u00e1ria Anjos Jacuipenses, quando a equipe de resgate chegou ao local, no KM 408, o carro da m\u00e9dica estava em chamas. Ela morreu carbonizada. O outro ve\u00edculo estava na pista e o condutor foi encaminhado para uma unidade hospitalar sem ferimentos graves.<\/p>\n\n\n\n<p>A brigada volunt\u00e1ria realizou o controle do inc\u00eandio. Policiais militares do Batalh\u00e3o de Pol\u00edcia Rodovi\u00e1ria (BPRv) tamb\u00e9m estiveram no local. A \u00e1rea foi isolada e o Departamento de Pol\u00edcia T\u00e9cnica (DPT) acionado para a remo\u00e7\u00e3o do corpo e realiza\u00e7\u00e3o de per\u00edcia.<\/p>\n\n\n\n<p>As circunst\u00e2ncias do fato ser\u00e3o investigadas pela Pol\u00edcia Civil. O acidente foi registrado na Delegacia Territorial de Riach\u00e3o do Jacu\u00edpe (DT).<\/p>\n\n\n\n<p><strong><em>Acompanhe tamb\u00e9m o SE Not\u00edcias no\u00a0<a rel=\"noreferrer noopener\" href=\"https:\/\/twitter.com\/Senoticias\" target=\"_blank\">Twitter<\/a>,\u00a0<a rel=\"noreferrer noopener\" href=\"https:\/\/www.facebook.com\/senoticias1\" target=\"_blank\">Facebook<\/a>\u00a0e no\u00a0<a rel=\"noreferrer noopener\" href=\"https:\/\/www.instagram.com\/senoticias\/\" target=\"_blank\">Instagram<\/a><\/em><\/strong><\/p>\n\n\n\n<p>Fonte: Correio da Bahia<\/p>\n","protected":false},"excerpt":{"rendered":"<p>A m\u00e9dica Pothira Carneiro Cerqueira Souza, de 30 anos, morreu ap\u00f3s o carro que dirigia bater de frente com outro ve\u00edculo na manh\u00e3 desta ter\u00e7a-feira (16) na BA-120, na regi\u00e3o de Riach\u00e3o do Jacu\u00edpe. Pothira era m\u00e9dica residente do Programa de Cl\u00ednica M\u00e9dica do Hospital Municipal de Salvador (HMS) e morava em Concei\u00e7\u00e3o do Coit\u00e9. [&hellip;]<\/p>\n","protected":false},"author":6557,"featured_media":0,"comment_status":"closed","ping_status":"closed","sticky":false,"template":"","format":"standard","meta":{"footnotes":""},"categories":[15,2961],"tags":[40960,40961],"class_list":{"0":"post-140821","1":"post","2":"type-post","3":"status-publish","4":"format-standard","6":"category-destaques","7":"category-nacional","8":"tag-anjos-jacuipenses","9":"tag-brigada-voluntaria"},"_links":{"self":[{"href":"https:\/\/senoticias.com.br\/se\/wp-json\/wp\/v2\/posts\/140821"}],"collection":[{"href":"https:\/\/senoticias.com.br\/se\/wp-json\/wp\/v2\/posts"}],"about":[{"href":"https:\/\/senoticias.com.br\/se\/wp-json\/wp\/v2\/types\/post"}],"author":[{"embeddable":true,"href":"https:\/\/senoticias.com.br\/se\/wp-json\/wp\/v2\/users\/6557"}],"replies":[{"embeddable":true,"href":"https:\/\/senoticias.com.br\/se\/wp-json\/wp\/v2\/comments?post=140821"}],"version-history":[{"count":0,"href":"https:\/\/senoticias.com.br\/se\/wp-json\/wp\/v2\/posts\/140821\/revisions"}],"wp:attachment":[{"href":"https:\/\/senoticias.com.br\/se\/wp-json\/wp\/v2\/media?parent=140821"}],"wp:term":[{"taxonomy":"category","embeddable":true,"href":"https:\/\/senoticias.com.br\/se\/wp-json\/wp\/v2\/categories?post=140821"},{"taxonomy":"post_tag","embeddable":true,"href":"https:\/\/senoticias.com.br\/se\/wp-json\/wp\/v2\/tags?post=140821"}],"curies":[{"name":"wp","href":"https:\/\/api.w.org\/{rel}","templated":true}]}}