{"id":140819,"date":"2024-01-17T11:04:04","date_gmt":"2024-01-17T14:04:04","guid":{"rendered":"https:\/\/senoticias.com.br\/se\/?p=140819"},"modified":"2024-01-17T11:35:57","modified_gmt":"2024-01-17T14:35:57","slug":"presidente-lula-sanciona-lei-de-apoio-a-saude-mental-na-comunidade-escolar","status":"publish","type":"post","link":"https:\/\/senoticias.com.br\/se\/presidente-lula-sanciona-lei-de-apoio-a-saude-mental-na-comunidade-escolar\/","title":{"rendered":"Presidente Lula sanciona lei de apoio \u00e0 sa\u00fade mental na comunidade escolar"},"content":{"rendered":"\n<p><\/p>\n\n\n\n<p>O presidente Luiz In\u00e1cio Lula da Silva sancionou nesta ter\u00e7a-feira (16) a Lei que cria a Pol\u00edtica Nacional de Aten\u00e7\u00e3o Psicossocial nas Comunidades Escolares. A legisla\u00e7\u00e3o \u00e9 fruto do projeto de lei 3383\/21 de autoria do senador Alessandro Vieira (MDB\/SE), e garante apoio \u00e0 sa\u00fade mental da comunidade escolar, incluindo alunos, professores, funcion\u00e1rios, pais e respons\u00e1veis.<\/p>\n\n\n\n<figure class=\"wp-block-image size-large\"><img loading=\"lazy\" decoding=\"async\" width=\"550\" height=\"330\" src=\"https:\/\/senoticias.com.br\/se\/wp-content\/uploads\/2024\/01\/Lei-de-saude-Mental-se-noticias.jpg\" alt=\"\" class=\"wp-image-140827\" srcset=\"https:\/\/senoticias.com.br\/se\/wp-content\/uploads\/2024\/01\/Lei-de-saude-Mental-se-noticias.jpg 550w, https:\/\/senoticias.com.br\/se\/wp-content\/uploads\/2024\/01\/Lei-de-saude-Mental-se-noticias-300x180.jpg 300w\" sizes=\"(max-width: 550px) 100vw, 550px\" \/><figcaption>A lei que cria o programa de poupan\u00e7a para o ensino m\u00e9dio tamb\u00e9m foi sancionada &#8211; Foto: Ricardo Stuckert<\/figcaption><\/figure>\n\n\n\n<p>\u201cEssa \u00e9 uma legisla\u00e7\u00e3o important\u00edssima, principalmente nesse momento onde n\u00f3s temos essa crise t\u00e3o grave de depress\u00e3o, automutila\u00e7\u00e3o e outros problemas que acontecem dentro da comunidade escolar. A lei sancionada vai facilitar o acesso a cuidados psicol\u00f3gicos, unindo sa\u00fade, educa\u00e7\u00e3o e assist\u00eancia social\u201d, refor\u00e7a senador Alessandro, que participou da cerim\u00f4nia no Pal\u00e1cio do Planalto.<\/p>\n\n\n\n<p>Outras duas lei tamb\u00e9m importantes para a educa\u00e7\u00e3o p\u00fablica brasileira foram sancionadas: a cria\u00e7\u00e3o do programa de poupan\u00e7a para o ensino m\u00e9dio, que concede incentivo financeiro para que jovens de baixa renda permane\u00e7am na escola; e a garantia das diretrizes b\u00e1sicas dos planos de carreira dos professores da educa\u00e7\u00e3o b\u00e1sica.<\/p>\n\n\n\n<p>\u201cEssas s\u00e3o medidas fundamentais para que tenhamos aquilo que o Brasil h\u00e1 muito tempo precisa, educa\u00e7\u00e3o de qualidade e um futuro com desenvolvimento econ\u00f4mico\u201d, destaca Alessandro.<\/p>\n\n\n\n<p><strong><em>Acompanhe tamb\u00e9m o SE Not\u00edcias no&nbsp;<a rel=\"noreferrer noopener\" href=\"https:\/\/twitter.com\/Senoticias\" target=\"_blank\">Twitter<\/a>,&nbsp;<a rel=\"noreferrer noopener\" href=\"https:\/\/www.facebook.com\/senoticias1\" target=\"_blank\">Facebook<\/a>&nbsp;e no&nbsp;<a rel=\"noreferrer noopener\" href=\"https:\/\/www.instagram.com\/senoticias\/\" target=\"_blank\">Instagram<\/a><\/em><\/strong><\/p>\n\n\n\n<p>Fonte: Assessoria parlamentar do senador<\/p>\n\n\n\n<p><\/p>\n","protected":false},"excerpt":{"rendered":"<p>O presidente Luiz In\u00e1cio Lula da Silva sancionou nesta ter\u00e7a-feira (16) a Lei que cria a Pol\u00edtica Nacional de Aten\u00e7\u00e3o Psicossocial nas Comunidades Escolares. A legisla\u00e7\u00e3o \u00e9 fruto do projeto de lei 3383\/21 de autoria do senador Alessandro Vieira (MDB\/SE), e garante apoio \u00e0 sa\u00fade mental da comunidade escolar, incluindo alunos, professores, funcion\u00e1rios, pais e [&hellip;]<\/p>\n","protected":false},"author":6552,"featured_media":0,"comment_status":"closed","ping_status":"closed","sticky":false,"template":"","format":"standard","meta":{"footnotes":""},"categories":[15,6],"tags":[40962,38105,13273,11299],"class_list":{"0":"post-140819","1":"post","2":"type-post","3":"status-publish","4":"format-standard","6":"category-destaques","7":"category-politica","8":"tag-comunidade-escolar","9":"tag-presidente-lula","10":"tag-saude-mental","11":"tag-senador-alessandro-vieira"},"_links":{"self":[{"href":"https:\/\/senoticias.com.br\/se\/wp-json\/wp\/v2\/posts\/140819"}],"collection":[{"href":"https:\/\/senoticias.com.br\/se\/wp-json\/wp\/v2\/posts"}],"about":[{"href":"https:\/\/senoticias.com.br\/se\/wp-json\/wp\/v2\/types\/post"}],"author":[{"embeddable":true,"href":"https:\/\/senoticias.com.br\/se\/wp-json\/wp\/v2\/users\/6552"}],"replies":[{"embeddable":true,"href":"https:\/\/senoticias.com.br\/se\/wp-json\/wp\/v2\/comments?post=140819"}],"version-history":[{"count":0,"href":"https:\/\/senoticias.com.br\/se\/wp-json\/wp\/v2\/posts\/140819\/revisions"}],"wp:attachment":[{"href":"https:\/\/senoticias.com.br\/se\/wp-json\/wp\/v2\/media?parent=140819"}],"wp:term":[{"taxonomy":"category","embeddable":true,"href":"https:\/\/senoticias.com.br\/se\/wp-json\/wp\/v2\/categories?post=140819"},{"taxonomy":"post_tag","embeddable":true,"href":"https:\/\/senoticias.com.br\/se\/wp-json\/wp\/v2\/tags?post=140819"}],"curies":[{"name":"wp","href":"https:\/\/api.w.org\/{rel}","templated":true}]}}