{"id":140803,"date":"2024-01-15T15:42:27","date_gmt":"2024-01-15T18:42:27","guid":{"rendered":"https:\/\/senoticias.com.br\/se\/?p=140803"},"modified":"2024-01-15T16:31:29","modified_gmt":"2024-01-15T19:31:29","slug":"stf-abre-inquerito-contra-sergio-moro-para-apurar-suspeita-de-fraude-em-delacao","status":"publish","type":"post","link":"https:\/\/senoticias.com.br\/se\/stf-abre-inquerito-contra-sergio-moro-para-apurar-suspeita-de-fraude-em-delacao\/","title":{"rendered":"STF abre inqu\u00e9rito contra Sergio Moro para apurar suspeita de fraude em dela\u00e7\u00e3o"},"content":{"rendered":"\n<p><\/p>\n\n\n\n<p>O Supremo Tribunal Federal (STF) abriu um inqu\u00e9rito para investigar o senador Sergio Moro (Uni\u00e3o Brasil-PR). A Corte atendeu um pedido da Procuradoria-Geral da Rep\u00fablica (PGR), que aponta suspeita de fraude no acordo de dela\u00e7\u00e3o firmado pelo ex-deputado estadual paranaense Tony Garcia.<\/p>\n\n\n\n<p>Garcia firmou acordo de dela\u00e7\u00e3o premiada com a 13\u00aa vara federal de Curitiba, quando Sergio Moro era juiz titular. Foi proposto a ele que grampeasse integrantes do Poder Judici\u00e1rio e do Tribunal de Contas do estado, em troca de benef\u00edcios, como abatimento ou perd\u00e3o de pena.<\/p>\n\n\n\n<figure class=\"wp-block-image size-large\"><img loading=\"lazy\" decoding=\"async\" width=\"596\" height=\"450\" src=\"https:\/\/senoticias.com.br\/se\/wp-content\/uploads\/2024\/01\/Sergio-Moro-SE-Noticias.jpg\" alt=\"\" class=\"wp-image-140804\" srcset=\"https:\/\/senoticias.com.br\/se\/wp-content\/uploads\/2024\/01\/Sergio-Moro-SE-Noticias.jpg 596w, https:\/\/senoticias.com.br\/se\/wp-content\/uploads\/2024\/01\/Sergio-Moro-SE-Noticias-300x227.jpg 300w, https:\/\/senoticias.com.br\/se\/wp-content\/uploads\/2024\/01\/Sergio-Moro-SE-Noticias-45x35.jpg 45w\" sizes=\"(max-width: 596px) 100vw, 596px\" \/><figcaption>Investigadores apontam suspeita de crimes de concuss\u00e3o, fraude processual, coa\u00e7\u00e3o, organiza\u00e7\u00e3o criminosa e lavagem de capitais &#8211; Cr\u00e9dito: Pedro Fran\u00e7a\/Ag\u00eancia Senado<\/figcaption><\/figure>\n\n\n\n<p>No entanto, para a Pol\u00edcia Federal, existem ind\u00edcios de que a dela\u00e7\u00e3o &#8220;foi desvirtuada&#8221;, para servir como ferramenta de chantagem e manipula\u00e7\u00e3o de provas. Os investigadores apontam ainda a suspeita de crimes de concuss\u00e3o, fraude processual, coa\u00e7\u00e3o, organiza\u00e7\u00e3o criminosa e lavagem de capitais.<\/p>\n\n\n\n<p>No entanto, para a Pol\u00edcia Federal, existem ind\u00edcios de que a dela\u00e7\u00e3o &#8220;foi desvirtuada&#8221;, para servir como ferramenta de chantagem e manipula\u00e7\u00e3o de provas. Os investigadores apontam ainda a suspeita de crimes de concuss\u00e3o, fraude processual, coa\u00e7\u00e3o, organiza\u00e7\u00e3o criminosa e lavagem de capitais.<\/p>\n\n\n\n<p><strong><em>Acompanhe tamb\u00e9m o SE Not\u00edcias no\u00a0<a rel=\"noreferrer noopener\" href=\"https:\/\/twitter.com\/Senoticias\" target=\"_blank\">Twitter<\/a>,\u00a0<a rel=\"noreferrer noopener\" href=\"https:\/\/www.facebook.com\/senoticias1\" target=\"_blank\">Facebook<\/a>\u00a0e no\u00a0<a rel=\"noreferrer noopener\" href=\"https:\/\/www.instagram.com\/senoticias\/\" target=\"_blank\">Instagram<\/a><\/em><\/strong><\/p>\n\n\n\n<p>Fonte: Correio Braziliense<\/p>\n","protected":false},"excerpt":{"rendered":"<p>O Supremo Tribunal Federal (STF) abriu um inqu\u00e9rito para investigar o senador Sergio Moro (Uni\u00e3o Brasil-PR). A Corte atendeu um pedido da Procuradoria-Geral da Rep\u00fablica (PGR), que aponta suspeita de fraude no acordo de dela\u00e7\u00e3o firmado pelo ex-deputado estadual paranaense Tony Garcia. Garcia firmou acordo de dela\u00e7\u00e3o premiada com a 13\u00aa vara federal de Curitiba, [&hellip;]<\/p>\n","protected":false},"author":6552,"featured_media":0,"comment_status":"closed","ping_status":"closed","sticky":false,"template":"","format":"standard","meta":{"footnotes":""},"categories":[15,2961],"tags":[40947,4371,1947,9432,16655,836,5785],"class_list":{"0":"post-140803","1":"post","2":"type-post","3":"status-publish","4":"format-standard","6":"category-destaques","7":"category-nacional","8":"tag-fraude-processual","9":"tag-pgr","10":"tag-policia-federal","11":"tag-procuradoria-geral-da-republica","12":"tag-sergio-moro-2","13":"tag-stf","14":"tag-supremo-tribunal-federal"},"_links":{"self":[{"href":"https:\/\/senoticias.com.br\/se\/wp-json\/wp\/v2\/posts\/140803"}],"collection":[{"href":"https:\/\/senoticias.com.br\/se\/wp-json\/wp\/v2\/posts"}],"about":[{"href":"https:\/\/senoticias.com.br\/se\/wp-json\/wp\/v2\/types\/post"}],"author":[{"embeddable":true,"href":"https:\/\/senoticias.com.br\/se\/wp-json\/wp\/v2\/users\/6552"}],"replies":[{"embeddable":true,"href":"https:\/\/senoticias.com.br\/se\/wp-json\/wp\/v2\/comments?post=140803"}],"version-history":[{"count":0,"href":"https:\/\/senoticias.com.br\/se\/wp-json\/wp\/v2\/posts\/140803\/revisions"}],"wp:attachment":[{"href":"https:\/\/senoticias.com.br\/se\/wp-json\/wp\/v2\/media?parent=140803"}],"wp:term":[{"taxonomy":"category","embeddable":true,"href":"https:\/\/senoticias.com.br\/se\/wp-json\/wp\/v2\/categories?post=140803"},{"taxonomy":"post_tag","embeddable":true,"href":"https:\/\/senoticias.com.br\/se\/wp-json\/wp\/v2\/tags?post=140803"}],"curies":[{"name":"wp","href":"https:\/\/api.w.org\/{rel}","templated":true}]}}