{"id":140749,"date":"2024-01-11T09:34:15","date_gmt":"2024-01-11T12:34:15","guid":{"rendered":"https:\/\/senoticias.com.br\/se\/?p=140749"},"modified":"2024-01-11T10:49:23","modified_gmt":"2024-01-11T13:49:23","slug":"confira-a-programacao-completa-do-primeiro-final-de-semana-do-verao-sergipe-2024","status":"publish","type":"post","link":"https:\/\/senoticias.com.br\/se\/confira-a-programacao-completa-do-primeiro-final-de-semana-do-verao-sergipe-2024\/","title":{"rendered":"Ver\u00e3o Sergipe acontece neste final de semana na Praia da Caueira; confira programa\u00e7\u00e3o"},"content":{"rendered":"\n<p>A esta\u00e7\u00e3o mais quente e agitada do ano chegou e, com ela, o Ver\u00e3o Sergipe 2024. <strong>Uma realiza\u00e7\u00e3o do Governo do Estado<\/strong>, o evento retorna ap\u00f3s mais de dez anos de suspens\u00e3o e, em seu primeiro final de semana, promete movimentar a Praia da Caueira, em Itaporanga D\u2019Ajuda, com atividades culturais e esportivas. <strong>A programa\u00e7\u00e3o tem in\u00edcio na noite da sexta-feira, 12, com shows musicais, e se estende durante o s\u00e1bado, 13, e o domingo, 14,<\/strong> com mais m\u00fasica e muito esporte e lazer.                         <\/p>\n\n\n\n<figure class=\"wp-block-image size-large\"><img loading=\"lazy\" decoding=\"async\" width=\"1024\" height=\"568\" src=\"https:\/\/senoticias.com.br\/se\/wp-content\/uploads\/2024\/01\/caueira-senoticias-1024x568.jpg\" alt=\"\" class=\"wp-image-140750\"\/><figcaption> Programa\u00e7\u00e3o do fim de semana acontece na Praia da Caueira &#8211; Foto: Erick O&#8217;Hara <\/figcaption><\/figure>\n\n\n\n<p>No pr\u00f3ximo final de semana, \u00e9 a vez da Ponta dos Mangues, em Pacatuba, na regi\u00e3o do baixo S\u00e3o Francisco, receber a iniciativa do Estado, nos dias 19, 20 e 21. No \u00faltimo final de semana de janeiro, 26, 27 e 28, o munic\u00edpio de Canind\u00e9 de S\u00e3o Francisco, no alto sert\u00e3o sergipano, ser\u00e1 o cen\u00e1rio do Ver\u00e3o Sergipe. A cidade de Pirambu, no leste sergipano, recebe o Ver\u00e3o Sergipe nos dias 2, 3 e 4 de fevereiro. No Carnaval, nos dias 10, 11 e 12, a programa\u00e7\u00e3o art\u00edstica \u00e9 na Praia do Aba\u00eds, em Est\u00e2ncia, no sul do estado.<\/p>\n\n\n\n<p>A programa\u00e7\u00e3o esportiva acontece sempre aos s\u00e1bados e domingos, com atividades em diversas modalidades e livres para o p\u00fablico e algumas que precisam de inscri\u00e7\u00e3o pr\u00e9via para participa\u00e7\u00e3o. As inscri\u00e7\u00f5es podem ser feitas por meio do site <a href=\"https:\/\/veraosergipe.se.gov.br.\">https:\/\/veraosergipe.se.gov.br.<\/a><\/p>\n\n\n\n<p>O Ver\u00e3o Sergipe reflete o compromisso do Governo do Estado com a interioriza\u00e7\u00e3o das pol\u00edticas governamentais e com o fomento \u00e0 cultura, ao turismo e \u00e0 economia por meio da realiza\u00e7\u00e3o de grandes eventos. O evento \u00e9 viabilizado por interm\u00e9dio da Secretaria Especial da Comunica\u00e7\u00e3o (Secom) em colabora\u00e7\u00e3o com a Secretaria de Estado do Turismo (Setur), Funda\u00e7\u00e3o de Cultura e Arte Aperip\u00ea (Funcap), Secretaria de Estado do Trabalho, Emprego e Empreendedorismo (Seteem) e Secretaria de Estado do Esporte e Lazer (Seel).<\/p>\n\n\n\n<p><strong>Praia da Caueira<\/strong><\/p>\n\n\n\n<p>A apenas 29 quil\u00f4metros da capital sergipana, Aracaju, a Praia da Caueira, em Itaporanga d\u2019Ajuda, chama aten\u00e7\u00e3o pelas suas \u00e1guas mornas, pequenas faixas de dunas de areia, vegeta\u00e7\u00e3o rica em coqueiros e pelo belo p\u00f4r do sol. A regi\u00e3o tamb\u00e9m disp\u00f5e de bares, restaurantes, pousadas e uma grande diversidade gastron\u00f4mica, com destaque para a culin\u00e1ria \u00e0 base de mariscos e crust\u00e1ceos, como o aratu.<\/p>\n\n\n\n<p><strong>Programa\u00e7\u00e3o musical:<\/strong><\/p>\n\n\n\n<p><strong>Sexta-feira, 12 de janeiro<\/strong><\/p>\n\n\n\n<ul class=\"wp-block-list\"><li>20h &#8211; Rock 79<\/li><li>22h &#8211; Hungria<\/li><li>0h &#8211; Dilsinho<\/li><li>2h &#8211; Seeway<\/li><\/ul>\n\n\n\n<p><strong>S\u00e1bado, 13 de janeiro<\/strong><\/p>\n\n\n\n<ul class=\"wp-block-list\"><li>18h &#8211; Faranis<\/li><li>20h &#8211; Chicabana<\/li><li>22h &#8211; Maneva<\/li><li>0h &#8211; Ygor Raniere<\/li><\/ul>\n\n\n\n<p><strong>Confira a programa\u00e7\u00e3o musical completa do Ver\u00e3o Sergipe.<\/strong><\/p>\n\n\n\n<p><strong>Programa\u00e7\u00e3o esportiva:<\/strong><\/p>\n\n\n\n<p><strong>S\u00e1bado, 13 de janeiro<\/strong><\/p>\n\n\n\n<ul class=\"wp-block-list\"><li><strong>Surf &#8211; <\/strong>das 8h \u00e0s 16h<\/li><li><strong>Passeio cicl\u00edstico<\/strong> &#8211; concentra\u00e7\u00e3o \u00e0s 6h, sa\u00edda \u00e0s 7h<\/li><li><strong>Beach soccer (feminino)<\/strong> \u2013 8h \u00e0s 16h, em formato de competi\u00e7\u00e3o<\/li><li><strong>Beach hand (masculino)<\/strong> &#8211; 8h \u00e0s 16h, em formato de competi\u00e7\u00e3o<\/li><li><strong>Beach t\u00eanis (duplas mistas)<\/strong> &#8211; 8h \u00e0s 16h, em formato de competi\u00e7\u00e3o<\/li><li><strong>V\u00f4lei de praia (feminino)<\/strong> &#8211; 8h \u00e0s 16h, em formato de competi\u00e7\u00e3o<\/li><li><strong>Futev\u00f4lei (masculino)<\/strong> &#8211; 8h \u00e0s 16h, em formato de competi\u00e7\u00e3o<\/li><li><strong>Beach basquete (feminino)<\/strong> &#8211; 8h \u00e0s 16h, em formato de competi\u00e7\u00e3o<\/li><li><strong>Mesabol<\/strong> &#8211; 8h \u00e0s 16h, aberto ao p\u00fablico<\/li><li><strong>Frescobol<\/strong> &#8211; 8h \u00e0s 16h, aberto ao p\u00fablico<\/li><li><strong>Banho assistido <\/strong>&#8211; 8h \u00e0s 16h, aberto ao p\u00fablico com defici\u00eancia<\/li><\/ul>\n\n\n\n<p><strong>Domingo, 14 de janeiro<\/strong><\/p>\n\n\n\n<ul class=\"wp-block-list\"><li><strong>Ciclismo <\/strong>&#8211; concentra\u00e7\u00e3o \u00e0s 6h, sa\u00edda \u00e0s 6h40, em formato de competi\u00e7\u00e3o<\/li><li><strong>Surf<\/strong> &#8211; 8h \u00e0s 15h, em formato de competi\u00e7\u00e3o<\/li><li><strong>Beach soccer (masculino)<\/strong> &#8211; 8h \u00e0s 15h, em formato de competi\u00e7\u00e3o<\/li><li><strong>Beach hand (feminino)<\/strong> &#8211; 8h \u00e0s 15h, em formato de competi\u00e7\u00e3o<\/li><li><strong>Beach t\u00eanis (duplas mistas)<\/strong> &#8211; 8h \u00e0s 15h, em formato de competi\u00e7\u00e3o<\/li><li><strong>V\u00f4lei de praia (masculino)<\/strong> &#8211; 8h \u00e0s 15h, em formato de competi\u00e7\u00e3o<\/li><li><strong>Futev\u00f4lei (fem) <\/strong>&#8211; 8h \u00e0s 15h, em formato de competi\u00e7\u00e3o<\/li><li><strong>Beach basquete (mas)<\/strong> &#8211; 8h \u00e0s 15h, em formato de competi\u00e7\u00e3o<\/li><li><strong>Mesabol &#8211;<\/strong> 8h \u00e0s 15h, aberto ao p\u00fablico<\/li><li><strong>Frescobol<\/strong> &#8211; 8h \u00e0s 15h, aberto ao p\u00fablico<\/li><\/ul>\n\n\n\n<p><strong><em>Acompanhe tamb\u00e9m o SE Not\u00edcias no&nbsp;<a rel=\"noreferrer noopener\" href=\"https:\/\/twitter.com\/Senoticias\" target=\"_blank\">Twitter<\/a>,&nbsp;<a rel=\"noreferrer noopener\" href=\"https:\/\/www.facebook.com\/senoticias1\" target=\"_blank\">Facebook<\/a>&nbsp;e no&nbsp;<a rel=\"noreferrer noopener\" href=\"https:\/\/www.instagram.com\/senoticias\/\" target=\"_blank\">Instagram<\/a><\/em><\/strong><\/p>\n\n\n\n<p>Fonte: Ag\u00eancia Sergipe de Not\u00edcias<\/p>\n","protected":false},"excerpt":{"rendered":"<p>A esta\u00e7\u00e3o mais quente e agitada do ano chegou e, com ela, o Ver\u00e3o Sergipe 2024. Uma realiza\u00e7\u00e3o do Governo do Estado, o evento retorna ap\u00f3s mais de dez anos de suspens\u00e3o e, em seu primeiro final de semana, promete movimentar a Praia da Caueira, em Itaporanga D\u2019Ajuda, com atividades culturais e esportivas. A programa\u00e7\u00e3o [&hellip;]<\/p>\n","protected":false},"author":6557,"featured_media":0,"comment_status":"closed","ping_status":"closed","sticky":false,"template":"","format":"standard","meta":{"footnotes":""},"categories":[15,21],"tags":[448,5778,40921,40408],"class_list":{"0":"post-140749","1":"post","2":"type-post","3":"status-publish","4":"format-standard","6":"category-destaques","7":"category-entretenimento","8":"tag-governo-de-sergipe","9":"tag-praia-da-caueira","10":"tag-programacao-verao-sergipe","11":"tag-verao-sergipe"},"_links":{"self":[{"href":"https:\/\/senoticias.com.br\/se\/wp-json\/wp\/v2\/posts\/140749"}],"collection":[{"href":"https:\/\/senoticias.com.br\/se\/wp-json\/wp\/v2\/posts"}],"about":[{"href":"https:\/\/senoticias.com.br\/se\/wp-json\/wp\/v2\/types\/post"}],"author":[{"embeddable":true,"href":"https:\/\/senoticias.com.br\/se\/wp-json\/wp\/v2\/users\/6557"}],"replies":[{"embeddable":true,"href":"https:\/\/senoticias.com.br\/se\/wp-json\/wp\/v2\/comments?post=140749"}],"version-history":[{"count":0,"href":"https:\/\/senoticias.com.br\/se\/wp-json\/wp\/v2\/posts\/140749\/revisions"}],"wp:attachment":[{"href":"https:\/\/senoticias.com.br\/se\/wp-json\/wp\/v2\/media?parent=140749"}],"wp:term":[{"taxonomy":"category","embeddable":true,"href":"https:\/\/senoticias.com.br\/se\/wp-json\/wp\/v2\/categories?post=140749"},{"taxonomy":"post_tag","embeddable":true,"href":"https:\/\/senoticias.com.br\/se\/wp-json\/wp\/v2\/tags?post=140749"}],"curies":[{"name":"wp","href":"https:\/\/api.w.org\/{rel}","templated":true}]}}