{"id":140742,"date":"2024-01-10T17:07:09","date_gmt":"2024-01-10T20:07:09","guid":{"rendered":"https:\/\/senoticias.com.br\/se\/?p=140742"},"modified":"2024-01-10T17:09:26","modified_gmt":"2024-01-10T20:09:26","slug":"governo-lanca-concurso-nacional-unificado-com-66-mil-vagas-para-diversas-areas-confira-o-cronograma","status":"publish","type":"post","link":"https:\/\/senoticias.com.br\/se\/governo-lanca-concurso-nacional-unificado-com-66-mil-vagas-para-diversas-areas-confira-o-cronograma\/","title":{"rendered":"Governo lan\u00e7a Concurso Nacional Unificado com 6,6 mil vagas para diversas \u00e1reas; confira o cronograma"},"content":{"rendered":"\n<p>O governo publica&nbsp;nesta quarta-feira, 10, em edi\u00e7\u00e3o extra do Di\u00e1rio Oficial da Uni\u00e3o (DOU), os editais&nbsp;do&nbsp;Concurso P\u00fablico Nacional Unificado, apelidado de &#8220;Enem dos concursos&#8221;.<\/p>\n\n\n\n<p>Os documentos trazem&nbsp;informa\u00e7\u00f5es sobre as vagas, sal\u00e1rios, conte\u00fados das provas, crit\u00e9rios de classifica\u00e7\u00e3o e desclassifica\u00e7\u00e3o, cadastro de reserva, validade do certame, composi\u00e7\u00e3o das notas finais, entre outras informa\u00e7\u00f5es.<\/p>\n\n\n\n<figure class=\"wp-block-image size-large\"><img loading=\"lazy\" decoding=\"async\" width=\"580\" height=\"347\" src=\"https:\/\/senoticias.com.br\/se\/wp-content\/uploads\/2024\/01\/Concurso-NAcional-Unificado-SE-Noticias.jpg\" alt=\"\" class=\"wp-image-140743\" srcset=\"https:\/\/senoticias.com.br\/se\/wp-content\/uploads\/2024\/01\/Concurso-NAcional-Unificado-SE-Noticias.jpg 580w, https:\/\/senoticias.com.br\/se\/wp-content\/uploads\/2024\/01\/Concurso-NAcional-Unificado-SE-Noticias-300x179.jpg 300w\" sizes=\"(max-width: 580px) 100vw, 580px\" \/><figcaption>Provas ser\u00e3o descentralizadas e ocorrem em 220 cidades &#8211; Foto: Wilson Dias\/Abr<\/figcaption><\/figure>\n\n\n\n<p>Apelidada de Enem dos Concursos, a sele\u00e7\u00e3o ter\u00e1 provas simult\u00e2neas em 220 cidades de todo o pa\u00eds no dia 5 de maio. Pela manh\u00e3, ocorrer\u00e1 a prova objetiva (de marca\u00e7\u00e3o de respostas) de conhecimento geral e a prova dissertativa (escrita), com conhecimentos espec\u00edficos. \u00c0 tarde, ocorrer\u00e1 a prova objetiva de conhecimentos espec\u00edficos.<\/p>\n\n\n\n<p>A previs\u00e3o \u00e9 de que o edital do certame seja publicado na tarde desta quarta-feira (10). Ao todo, ser\u00e3o 6.640 vagas divididas em 21 \u00f3rg\u00e3os federais. As inscri\u00e7\u00f5es come\u00e7am em 19 de janeiro e v\u00e3o at\u00e9 6 de fevereiro.<\/p>\n\n\n\n<p>Embora a banca respons\u00e1vel pelo concurso seja a Funda\u00e7\u00e3o Cesgranrio, as inscri\u00e7\u00f5es ocorrer\u00e3o no Portal Gov.br. Para se inscrever, ser\u00e1 necess\u00e1rio ter conta no portal de qualquer n\u00edvel (ouro, prata ou bronze). A taxa de inscri\u00e7\u00e3o custar\u00e1 R$ 60 para n\u00edvel m\u00e9dio e R$ 90 para n\u00edvel superior.<\/p>\n\n\n\n<p>A taxa de inscri\u00e7\u00e3o dar\u00e1 direito aos candidatos de disputar v\u00e1rias vagas em diferentes \u00f3rg\u00e3os federais, desde que dentro do mesmo bloco tem\u00e1tico. Poder\u00e3o pedir isen\u00e7\u00e3o da taxa inscritos no Cadastro \u00danico para Programas Sociais do Governo Federal (Cad\u00danico), doadores de medula \u00f3ssea e bolsista ou ex-bolsista do Programa Universidade para Todos (Prouni) ou Fundo de Financiamento Estudantil (Fies).<\/p>\n\n\n\n<p>Segundo o Minist\u00e9rio da Gest\u00e3o e Inova\u00e7\u00e3o em Servi\u00e7os P\u00fablicos, o concurso dever\u00e1 atrair de 2 milh\u00f5es a 3 milh\u00f5es de candidatos. Das 6.640 vagas previstas, 5.948 s\u00e3o para n\u00edvel superior (gradua\u00e7\u00e3o) e 692 s\u00e3o de n\u00edvel m\u00e9dio. Os sal\u00e1rios variam de R$ 3,7 mil a R$ 23 mil. A divulga\u00e7\u00e3o final dos resultados ocorrer\u00e1 em 30 de julho, com o in\u00edcio da convoca\u00e7\u00e3o para a posse e para os cursos de forma\u00e7\u00e3o em 5 de agosto.<\/p>\n\n\n\n<p><strong>Confira abaixo mais informa\u00e7\u00f5es sobre o concurso:<\/strong><\/p>\n\n\n\n<p><strong>Vagas<\/strong><br>\u2022 N\u00edvel superior (gradua\u00e7\u00e3o): 5.948<br>\u2022 N\u00edvel m\u00e9dio: 692<br>\u2022 Total: 6.640<\/p>\n\n\n\n<p><strong>Blocos tem\u00e1ticos<\/strong><br>\u2022 Bloco 1: Infraestrutura, Exatas e Engenharia (727 vagas);<br>\u2022 Bloco 2: Tecnologia, Dados e Informa\u00e7\u00f5es (597 vagas);<br>\u2022 Bloco 3: Ambiental, Agr\u00e1rio e Biol\u00f3gicas (530 vagas);<br>\u2022 Bloco 4: Trabalho e Sa\u00fade do Servidor (971 vagas);<br>\u2022 Bloco 5: Educa\u00e7\u00e3o, Sa\u00fade, Desenvolvimento Social e Direitos Humanos (1.016 vagas);<br>\u2022 Bloco 6: Setores Econ\u00f4micos e Regula\u00e7\u00e3o (359 vagas);<br>\u2022 Bloco 7: Gest\u00e3o Governamental e Administra\u00e7\u00e3o P\u00fablica (1.748 vagas);<br>\u2022 Bloco 8: N\u00edvel intermedi\u00e1rio (692 vagas).<\/p>\n\n\n\n<p><strong>Reserva de vagas<\/strong><br>\u2022 20% para pessoas negras;<br>\u2022 5% para pessoas com defici\u00eancia;<br>\u2022 30% para ind\u00edgenas nos cargos para a Funai.<\/p>\n\n\n\n<p><strong>Cronograma<\/strong><br>\u2022 Inscri\u00e7\u00f5es: 19\/01 a 09\/02\/2024<br>\u2022 Divulga\u00e7\u00e3o dos dados finais de inscri\u00e7\u00f5es: 29\/02\/2024<br>\u2022 Divulga\u00e7\u00e3o dos cart\u00f5es de confirma\u00e7\u00e3o: 29\/04\/2024<br>\u2022 Aplica\u00e7\u00e3o das provas: 05\/05\/2024<br>\u2022 Divulga\u00e7\u00e3o dos resultados das provas objetivas e preliminares das provas discursivas e reda\u00e7\u00e3o: 03\/06\/2024<br>\u2022 Divulga\u00e7\u00e3o final dos resultados: 30\/07\/2024<br>\u2022 In\u00edcio da convoca\u00e7\u00e3o para posse e cursos de forma\u00e7\u00e3o: 05\/08\/2024<\/p>\n\n\n\n<p><strong>Inscri\u00e7\u00f5es<\/strong><br>\u2022 Realizadas na plataforma \u00fanica, no Portal Gov.br, com contas ouro, prata ou bronze;<br>\u2022 Taxa: R$ 60 (n\u00edvel m\u00e9dio) e R$ 90 (n\u00edvel superior);<br>\u2022 Isen\u00e7\u00e3o:<br>\u2013 Inscritos no Cad\u00danico;<br>\u2013 Doador de medula \u00f3ssea;<br>\u2013 Bolsista ou ex-bolsista do ProUni;<br>\u2013 Bolsista ou ex-bolsista do Fies.<br>\u2022 S\u00f3 ser\u00e1 permitida uma inscri\u00e7\u00e3o por CPF.<\/p>\n\n\n\n<p><strong>Escolha das vagas<\/strong><br>O candidato poder\u00e1 concorrer a todos os cargos dentro do mesmo bloco tem\u00e1tico, com as seguintes etapas de escolha:<br>\u2022 Etapa 1: escolher o bloco tem\u00e1tico;<br>\u2022 Etapa 2: escolher os cargos dentro do mesmo bloco tem\u00e1tico;<br>\u2022 Etapa 3: ordenar prefer\u00eancia entre os cargos;<br>\u2022 Etapa 4: ordenar prefer\u00eancia entre as especialidades;<br>\u2022 \u00c9 poss\u00edvel expressar prefer\u00eancia entre todos os cargos e especialidades ou apenas em alguns deles.<\/p>\n\n\n\n<p><strong>Banca examinadora<\/strong><br>\u2022 Funda\u00e7\u00e3o Cesgranrio<\/p>\n\n\n\n<p><strong>Provas<\/strong><br><br><strong>N\u00edvel superior<\/strong><br>\u2022 Pela manh\u00e3 (2h30 de dura\u00e7\u00e3o): provas objetivas de conhecimentos gerais (20 quest\u00f5es) + prova discursiva de conhecimento espec\u00edfico do bloco;<br>\u2022 Pela tarde (2h30 de dura\u00e7\u00e3o): provas objetivas de conhecimentos espec\u00edficos (50 quest\u00f5es).<\/p>\n\n\n\n<p><strong>N\u00edvel m\u00e9dio<\/strong><br>\u2022 Pela manh\u00e3 (2h30 de dura\u00e7\u00e3o): provas objetivas (20 quest\u00f5es) + reda\u00e7\u00e3o;<br>\u2022 Pela tarde (2h30 de dura\u00e7\u00e3o): provas objetivas (40 quest\u00f5es).<\/p>\n\n\n\n<p><strong><em>Acompanhe tamb\u00e9m o SE Not\u00edcias no\u00a0<a rel=\"noreferrer noopener\" href=\"https:\/\/twitter.com\/Senoticias\" target=\"_blank\">Twitter<\/a>,\u00a0<a rel=\"noreferrer noopener\" href=\"https:\/\/www.facebook.com\/senoticias1\" target=\"_blank\">Facebook<\/a>\u00a0e no\u00a0<a rel=\"noreferrer noopener\" href=\"https:\/\/www.instagram.com\/senoticias\/\" target=\"_blank\">Instagram<\/a><\/em><\/strong><\/p>\n\n\n\n<p>Fonte: Ag\u00eancia Brasil<\/p>\n","protected":false},"excerpt":{"rendered":"<p>O governo publica&nbsp;nesta quarta-feira, 10, em edi\u00e7\u00e3o extra do Di\u00e1rio Oficial da Uni\u00e3o (DOU), os editais&nbsp;do&nbsp;Concurso P\u00fablico Nacional Unificado, apelidado de &#8220;Enem dos concursos&#8221;. Os documentos trazem&nbsp;informa\u00e7\u00f5es sobre as vagas, sal\u00e1rios, conte\u00fados das provas, crit\u00e9rios de classifica\u00e7\u00e3o e desclassifica\u00e7\u00e3o, cadastro de reserva, validade do certame, composi\u00e7\u00e3o das notas finais, entre outras informa\u00e7\u00f5es. Apelidada de Enem [&hellip;]<\/p>\n","protected":false},"author":6557,"featured_media":0,"comment_status":"closed","ping_status":"closed","sticky":false,"template":"","format":"standard","meta":{"footnotes":""},"categories":[15,6,1],"tags":[39894,34288,40915,40916,57],"class_list":{"0":"post-140742","1":"post","2":"type-post","3":"status-publish","4":"format-standard","6":"category-destaques","7":"category-politica","8":"category-sem-categoria","9":"tag-concurso-nacional-unificado","10":"tag-concurso-publico-2","11":"tag-diversas-areas","12":"tag-enem-dos-concursos","13":"tag-governo-federal"},"_links":{"self":[{"href":"https:\/\/senoticias.com.br\/se\/wp-json\/wp\/v2\/posts\/140742"}],"collection":[{"href":"https:\/\/senoticias.com.br\/se\/wp-json\/wp\/v2\/posts"}],"about":[{"href":"https:\/\/senoticias.com.br\/se\/wp-json\/wp\/v2\/types\/post"}],"author":[{"embeddable":true,"href":"https:\/\/senoticias.com.br\/se\/wp-json\/wp\/v2\/users\/6557"}],"replies":[{"embeddable":true,"href":"https:\/\/senoticias.com.br\/se\/wp-json\/wp\/v2\/comments?post=140742"}],"version-history":[{"count":0,"href":"https:\/\/senoticias.com.br\/se\/wp-json\/wp\/v2\/posts\/140742\/revisions"}],"wp:attachment":[{"href":"https:\/\/senoticias.com.br\/se\/wp-json\/wp\/v2\/media?parent=140742"}],"wp:term":[{"taxonomy":"category","embeddable":true,"href":"https:\/\/senoticias.com.br\/se\/wp-json\/wp\/v2\/categories?post=140742"},{"taxonomy":"post_tag","embeddable":true,"href":"https:\/\/senoticias.com.br\/se\/wp-json\/wp\/v2\/tags?post=140742"}],"curies":[{"name":"wp","href":"https:\/\/api.w.org\/{rel}","templated":true}]}}