{"id":140737,"date":"2024-01-10T09:33:51","date_gmt":"2024-01-10T12:33:51","guid":{"rendered":"https:\/\/senoticias.com.br\/se\/?p=140737"},"modified":"2024-01-10T17:22:44","modified_gmt":"2024-01-10T20:22:44","slug":"manifestantes-bloqueiam-avenida-com-pneus-queimados-em-aracaju","status":"publish","type":"post","link":"https:\/\/senoticias.com.br\/se\/manifestantes-bloqueiam-avenida-com-pneus-queimados-em-aracaju\/","title":{"rendered":"Manifestantes bloqueiam avenida com pneus queimados em Aracaju"},"content":{"rendered":"\n<p>Dois sentidos de um trecho da Avenida Euclides Figueiredo, no Bairro Porto Dantas, Zona Norte de Aracaju, foram bloqueados na manh\u00e3 desta quarta-feira (10). A mobiliza\u00e7\u00e3o est\u00e1 sendo acompanhada por equipes da Pol\u00edcia Militar e Superintend\u00eancia Municipal de Transporte e Tr\u00e2nsito de Aracaju (SMTT).<\/p>\n\n\n\n<figure class=\"wp-block-image size-large\"><img loading=\"lazy\" decoding=\"async\" width=\"599\" height=\"270\" src=\"https:\/\/senoticias.com.br\/se\/wp-content\/uploads\/2024\/01\/fogo-senoticias-e1704890005153.png\" alt=\"\" class=\"wp-image-140738\"\/><figcaption>A mobiliza\u00e7\u00e3o est\u00e1 sendo acompanhada por equipes da Pol\u00edcia Militar e SMTT &#8211; Foto: PM\/SE<\/figcaption><\/figure>\n\n\n\n<p>No local, manifestantes atearam fogo em pneus e cobram retomada de uma obra de pavimenta\u00e7\u00e3o no Loteamento Copacabana, que est\u00e1 abandonada h\u00e1 seis meses.<\/p>\n\n\n\n<p>Por meio de nota, a Empresa Municipal de Obras e Urbaniza\u00e7\u00e3o (Emurb) informou que, ao iniciar a obra, foi constatado necessidade de amplia\u00e7\u00e3o do canal, que corta Avenida Euclides Figueiredo e receber\u00e1 as \u00e1guas pluviais da localidade. Por isso, a suspens\u00e3o foi necess\u00e1rio para dar in\u00edcio ao alargamento.<\/p>\n\n\n\n<p>A obra ser\u00e1 retomada na pr\u00f3xima segunda-feira (15), contemplando oito ruas com rede de drenagem, pavimenta\u00e7\u00e3o, acessibilidade, passeios e ilumina\u00e7\u00e3o em LED, al\u00e9m da liga\u00e7\u00e3o da rede de esgoto a todas as unidades habitacionais.<\/p>\n\n\n\n<p>Os representantes da comunidade ser\u00e3o recebidos pelos secret\u00e1rios de Governo, Hallison Sousa, e de infraestrutura, S\u00e9rgio Ferrari, na manh\u00e3 de hoje<\/p>\n\n\n\n<p><strong><em>Acompanhe tamb\u00e9m o SE Not\u00edcias no&nbsp;<a rel=\"noreferrer noopener\" href=\"https:\/\/twitter.com\/Senoticias\" target=\"_blank\">Twitter<\/a>,&nbsp;<a rel=\"noreferrer noopener\" href=\"https:\/\/www.facebook.com\/senoticias1\" target=\"_blank\">Facebook<\/a>&nbsp;e no&nbsp;<a rel=\"noreferrer noopener\" href=\"https:\/\/www.instagram.com\/senoticias\/\" target=\"_blank\">Instagram<\/a><\/em><\/strong><\/p>\n\n\n\n<p>Fonte: A8SE.com.br<\/p>\n","protected":false},"excerpt":{"rendered":"<p>Dois sentidos de um trecho da Avenida Euclides Figueiredo, no Bairro Porto Dantas, Zona Norte de Aracaju, foram bloqueados na manh\u00e3 desta quarta-feira (10). A mobiliza\u00e7\u00e3o est\u00e1 sendo acompanhada por equipes da Pol\u00edcia Militar e Superintend\u00eancia Municipal de Transporte e Tr\u00e2nsito de Aracaju (SMTT). No local, manifestantes atearam fogo em pneus e cobram retomada de [&hellip;]<\/p>\n","protected":false},"author":6557,"featured_media":0,"comment_status":"closed","ping_status":"closed","sticky":false,"template":"","format":"standard","meta":{"footnotes":""},"categories":[15,6],"tags":[15542,3778,40914],"class_list":{"0":"post-140737","1":"post","2":"type-post","3":"status-publish","4":"format-standard","6":"category-destaques","7":"category-politica","8":"tag-avenida-euclides-figueiredo","9":"tag-manifestantes","10":"tag-pneus-queimados"},"_links":{"self":[{"href":"https:\/\/senoticias.com.br\/se\/wp-json\/wp\/v2\/posts\/140737"}],"collection":[{"href":"https:\/\/senoticias.com.br\/se\/wp-json\/wp\/v2\/posts"}],"about":[{"href":"https:\/\/senoticias.com.br\/se\/wp-json\/wp\/v2\/types\/post"}],"author":[{"embeddable":true,"href":"https:\/\/senoticias.com.br\/se\/wp-json\/wp\/v2\/users\/6557"}],"replies":[{"embeddable":true,"href":"https:\/\/senoticias.com.br\/se\/wp-json\/wp\/v2\/comments?post=140737"}],"version-history":[{"count":0,"href":"https:\/\/senoticias.com.br\/se\/wp-json\/wp\/v2\/posts\/140737\/revisions"}],"wp:attachment":[{"href":"https:\/\/senoticias.com.br\/se\/wp-json\/wp\/v2\/media?parent=140737"}],"wp:term":[{"taxonomy":"category","embeddable":true,"href":"https:\/\/senoticias.com.br\/se\/wp-json\/wp\/v2\/categories?post=140737"},{"taxonomy":"post_tag","embeddable":true,"href":"https:\/\/senoticias.com.br\/se\/wp-json\/wp\/v2\/tags?post=140737"}],"curies":[{"name":"wp","href":"https:\/\/api.w.org\/{rel}","templated":true}]}}