{"id":140732,"date":"2024-01-10T09:18:15","date_gmt":"2024-01-10T12:18:15","guid":{"rendered":"https:\/\/senoticias.com.br\/se\/?p=140732"},"modified":"2024-01-10T15:13:11","modified_gmt":"2024-01-10T18:13:11","slug":"suspeito-de-estuprar-turista-na-praia-da-costa-morava-em-condominio-de-luxo-na-barra-dos-coqueiros","status":"publish","type":"post","link":"https:\/\/senoticias.com.br\/se\/suspeito-de-estuprar-turista-na-praia-da-costa-morava-em-condominio-de-luxo-na-barra-dos-coqueiros\/","title":{"rendered":"Suspeito de estuprar turista na Praia da Costa morava em condom\u00ednio de luxo na Barra dos Coqueiros"},"content":{"rendered":"\n<p><\/p>\n\n\n\n<p>O acusado de estupro contra uma turista na Praia da Costa, na \u00faltima sexta-feira, 5, foi preso em um condom\u00ednio de luxo, na Barra dos Coqueiros. De acordo com a Delegacia de Atendimento a Grupos Vulner\u00e1veis (DAGV), Edivan Vin\u00edcius Silva Santos, 35 anos, j\u00e1 era investigado por outro estupro, que teria ocorrido no m\u00eas de agosto de 2023. A imagem do autor do crime est\u00e1 sendo divulgada para chegar a outras v\u00edtimas.<\/p>\n\n\n\n<figure class=\"wp-block-image size-large\"><img loading=\"lazy\" decoding=\"async\" width=\"550\" height=\"348\" src=\"https:\/\/senoticias.com.br\/se\/wp-content\/uploads\/2024\/01\/Suspeito-de-estupro-na-Barra-SE-Noticias.jpeg\" alt=\"\" class=\"wp-image-140734\" srcset=\"https:\/\/senoticias.com.br\/se\/wp-content\/uploads\/2024\/01\/Suspeito-de-estupro-na-Barra-SE-Noticias.jpeg 550w, https:\/\/senoticias.com.br\/se\/wp-content\/uploads\/2024\/01\/Suspeito-de-estupro-na-Barra-SE-Noticias-300x190.jpeg 300w, https:\/\/senoticias.com.br\/se\/wp-content\/uploads\/2024\/01\/Suspeito-de-estupro-na-Barra-SE-Noticias-120x76.jpeg 120w, https:\/\/senoticias.com.br\/se\/wp-content\/uploads\/2024\/01\/Suspeito-de-estupro-na-Barra-SE-Noticias-265x168.jpeg 265w, https:\/\/senoticias.com.br\/se\/wp-content\/uploads\/2024\/01\/Suspeito-de-estupro-na-Barra-SE-Noticias-284x180.jpeg 284w, https:\/\/senoticias.com.br\/se\/wp-content\/uploads\/2024\/01\/Suspeito-de-estupro-na-Barra-SE-Noticias-274x173.jpeg 274w, https:\/\/senoticias.com.br\/se\/wp-content\/uploads\/2024\/01\/Suspeito-de-estupro-na-Barra-SE-Noticias-220x140.jpeg 220w\" sizes=\"(max-width: 550px) 100vw, 550px\" \/><figcaption>Segundo a Pol\u00edcia Civil, o crime ocorreu na regi\u00e3o da Praia da Costa e investiga\u00e7\u00e3o pretende identificar outras v\u00edtimas &#8211; Foto: SSP\/SE<\/figcaption><\/figure>\n\n\n\n<p>De acordo com a delegada Jacyara Mendon\u00e7a, titular da DAGV da Barra dos Coqueiros, a investiga\u00e7\u00e3o come\u00e7ou com o registro da ocorr\u00eancia ainda no ano passado. No \u00faltimo dia 05, houve tamb\u00e9m um novo registro no plant\u00e3o do DAGV de Aracaju. \u201cDiligenciamos com nossa equipe para j\u00e1 conseguir as imagens das c\u00e2meras das resid\u00eancias pr\u00f3ximas onde ocorreu o fato. Pelas imagens, o investigado foi reconhecido\u201d, detalhou a delegada.<\/p>\n\n\n\n<p>Conforme a delegada, o preso j\u00e1 vinha sendo investigado por outro crime do mesmo tipo. \u201cEle agia ali na Praia da Costa, por aquela regi\u00e3o. Geralmente, \u00e0s seis horas da manh\u00e3 ou ao entardecer. E ele j\u00e1 vinha sendo investigado desde agosto do ano passado por uma tentativa de estupro. As v\u00edtimas j\u00e1 foram ouvidas e o reconheceram\u201d, detalhou.<\/p>\n\n\n\n<p>Jacyara Mendon\u00e7a relatou ainda que o crime mais recente foi praticado pelo investigado contra uma turista na regi\u00e3o da Praia da Costa. \u201cEla estava caminhando ali pela Praia da Costa, atr\u00e1s dos condom\u00ednios, quando foi atacada por ele, que praticou o estupro\u201d, especificou a delegada.<\/p>\n\n\n\n<p>Diante da den\u00fancia, investiga\u00e7\u00e3o e representa\u00e7\u00e3o pela pris\u00e3o do investigado feita pela DAGV da Barra dos Coqueiros, o investigado j\u00e1 se encontra preso e \u00e0 disposi\u00e7\u00e3o da Justi\u00e7a. \u201cPela atitude dele, que j\u00e1 vem com essa conduta procurando v\u00edtimas, \u00e9 bem poss\u00edvel que haja outras v\u00edtimas que ainda n\u00e3o registraram o boletim de ocorr\u00eancia\u201d, complementou a delegada.<\/p>\n\n\n\n<p>A Pol\u00edcia Civil solicita que eventuais v\u00edtimas do investigado que agia na regi\u00e3o da Praia da Costa procurem a DAGV para o registro do boletim de ocorr\u00eancia. Outras informa\u00e7\u00f5es podem ser repassadas ao Disque-Den\u00fancia (181).<\/p>\n\n\n\n<p><strong><em>Acompanhe tamb\u00e9m o SE Not\u00edcias no\u00a0<a rel=\"noreferrer noopener\" href=\"https:\/\/twitter.com\/Senoticias\" target=\"_blank\">Twitter<\/a>,\u00a0<a rel=\"noreferrer noopener\" href=\"https:\/\/www.facebook.com\/senoticias1\" target=\"_blank\">Facebook<\/a>\u00a0e no\u00a0<a rel=\"noreferrer noopener\" href=\"https:\/\/www.instagram.com\/senoticias\/\" target=\"_blank\">Instagram<\/a><\/em><\/strong><\/p>\n\n\n\n<p>Com informa\u00e7\u00f5es da ascom\/SSP\/SE<\/p>\n","protected":false},"excerpt":{"rendered":"<p>O acusado de estupro contra uma turista na Praia da Costa, na \u00faltima sexta-feira, 5, foi preso em um condom\u00ednio de luxo, na Barra dos Coqueiros. De acordo com a Delegacia de Atendimento a Grupos Vulner\u00e1veis (DAGV), Edivan Vin\u00edcius Silva Santos, 35 anos, j\u00e1 era investigado por outro estupro, que teria ocorrido no m\u00eas de [&hellip;]<\/p>\n","protected":false},"author":6557,"featured_media":0,"comment_status":"closed","ping_status":"closed","sticky":false,"template":"","format":"standard","meta":{"footnotes":""},"categories":[15,7],"tags":[3141,37727,10809,16984,5761],"class_list":{"0":"post-140732","1":"post","2":"type-post","3":"status-publish","4":"format-standard","6":"category-destaques","7":"category-policia","8":"tag-barra-dos-coqueiros","9":"tag-condominio-de-luxo","10":"tag-dagv","11":"tag-policia-civil-2","12":"tag-praia-da-costa"},"_links":{"self":[{"href":"https:\/\/senoticias.com.br\/se\/wp-json\/wp\/v2\/posts\/140732"}],"collection":[{"href":"https:\/\/senoticias.com.br\/se\/wp-json\/wp\/v2\/posts"}],"about":[{"href":"https:\/\/senoticias.com.br\/se\/wp-json\/wp\/v2\/types\/post"}],"author":[{"embeddable":true,"href":"https:\/\/senoticias.com.br\/se\/wp-json\/wp\/v2\/users\/6557"}],"replies":[{"embeddable":true,"href":"https:\/\/senoticias.com.br\/se\/wp-json\/wp\/v2\/comments?post=140732"}],"version-history":[{"count":0,"href":"https:\/\/senoticias.com.br\/se\/wp-json\/wp\/v2\/posts\/140732\/revisions"}],"wp:attachment":[{"href":"https:\/\/senoticias.com.br\/se\/wp-json\/wp\/v2\/media?parent=140732"}],"wp:term":[{"taxonomy":"category","embeddable":true,"href":"https:\/\/senoticias.com.br\/se\/wp-json\/wp\/v2\/categories?post=140732"},{"taxonomy":"post_tag","embeddable":true,"href":"https:\/\/senoticias.com.br\/se\/wp-json\/wp\/v2\/tags?post=140732"}],"curies":[{"name":"wp","href":"https:\/\/api.w.org\/{rel}","templated":true}]}}