{"id":140726,"date":"2024-01-09T18:43:42","date_gmt":"2024-01-09T21:43:42","guid":{"rendered":"https:\/\/senoticias.com.br\/se\/?p=140726"},"modified":"2024-01-09T18:57:10","modified_gmt":"2024-01-09T21:57:10","slug":"acidente-deixa-tres-mortos-e-dois-feridos-no-sertao-de-sergipe","status":"publish","type":"post","link":"https:\/\/senoticias.com.br\/se\/acidente-deixa-tres-mortos-e-dois-feridos-no-sertao-de-sergipe\/","title":{"rendered":"Acidente deixa tr\u00eas mortos e dois feridos no Sert\u00e3o de Sergipe"},"content":{"rendered":"\n<p><\/p>\n\n\n\n<p>Um capotamento de um caminh\u00e3o por volta das 8h da manh\u00e3 nesta ter\u00e7a-feira, 9, na rodovia SE-200, entre o Povoado Lagoa da Volta e a sede de Porto da Folha, deixou tr\u00eas mortos e dois feridos. Um caminh\u00e3o que transportava pisos capotou, dois ocupantes estavam na cabine e tr\u00eas sobre a carga, um pulou durante o acidente.<\/p>\n\n\n\n<p>O Hospital Regional de Itabaiana, emitiu a atualiza\u00e7\u00e3o do caso de sa\u00fade das v\u00edtimas que sobreviveram ao acidente. O senhor Ancelmo dos Santos Mota, de 50 anos de idade, teve apenas escoria\u00e7\u00f5es leves, j\u00e1 o filho dele, Marcos Vin\u00edcius Mendon\u00e7a Mota de 28 anos de idade, foi submetido a tomografia, que n\u00e3o constatado traumatismo craniano encef\u00e1lico, ele foi submetido a uma sutura na regi\u00e3o da cabe\u00e7a e tamb\u00e9m duas fraturas no antebra\u00e7o sendo submetido a procedimento cir\u00fargico no Hospital Regional de Itabaiana.<\/p>\n\n\n\n<figure class=\"wp-block-image size-large\"><img loading=\"lazy\" decoding=\"async\" width=\"574\" height=\"355\" src=\"https:\/\/senoticias.com.br\/se\/wp-content\/uploads\/2024\/01\/Acidente-Porto-da-Folha-SE-Noticias.jpg\" alt=\"\" class=\"wp-image-140727\" srcset=\"https:\/\/senoticias.com.br\/se\/wp-content\/uploads\/2024\/01\/Acidente-Porto-da-Folha-SE-Noticias.jpg 574w, https:\/\/senoticias.com.br\/se\/wp-content\/uploads\/2024\/01\/Acidente-Porto-da-Folha-SE-Noticias-300x186.jpg 300w\" sizes=\"(max-width: 574px) 100vw, 574px\" \/><figcaption>A rodovia SE-200 ficou bloqueada por conta do acidente em Porto da Folha \u2014 Foto: Vanio Mix<\/figcaption><\/figure>\n\n\n\n<p>Inicialmente, o Servi\u00e7o de Atendimento M\u00f3vel de Urg\u00eancia (Samu), foi acionado para atender sete v\u00edtimas, mas a Secretaria de Sa\u00fade de Porto da Folha corrigiu para cinco, com duas mortes no local, uma na UPA local, e duas no Hospital Regional de Itabaiana. O helic\u00f3ptero do Grupamento T\u00e1tico A\u00e9reo (GTA) da Secretaria de Estado da Seguran\u00e7a P\u00fablica tamb\u00e9m foi acionado.<\/p>\n\n\n\n<p>Segundo informa\u00e7\u00f5es, o caminh\u00e3o envolvido pertence a uma empresa de Itabaianinha e estava seguindo com destino a cidade de Porto da Folha.<\/p>\n\n\n\n<p><strong><em>Acompanhe tamb\u00e9m o SE Not\u00edcias no\u00a0<a rel=\"noreferrer noopener\" href=\"https:\/\/twitter.com\/Senoticias\" target=\"_blank\">Twitter<\/a>,\u00a0<a rel=\"noreferrer noopener\" href=\"https:\/\/www.facebook.com\/senoticias1\" target=\"_blank\">Facebook<\/a>\u00a0e no\u00a0<a rel=\"noreferrer noopener\" href=\"https:\/\/www.instagram.com\/senoticias\/\" target=\"_blank\">Instagram<\/a><\/em><\/strong><\/p>\n\n\n\n<p>Fonte: ITNET<\/p>\n","protected":false},"excerpt":{"rendered":"<p>Um capotamento de um caminh\u00e3o por volta das 8h da manh\u00e3 nesta ter\u00e7a-feira, 9, na rodovia SE-200, entre o Povoado Lagoa da Volta e a sede de Porto da Folha, deixou tr\u00eas mortos e dois feridos. Um caminh\u00e3o que transportava pisos capotou, dois ocupantes estavam na cabine e tr\u00eas sobre a carga, um pulou durante [&hellip;]<\/p>\n","protected":false},"author":6557,"featured_media":0,"comment_status":"closed","ping_status":"closed","sticky":false,"template":"","format":"standard","meta":{"footnotes":""},"categories":[15,38],"tags":[6063,7713,35576],"class_list":{"0":"post-140726","1":"post","2":"type-post","3":"status-publish","4":"format-standard","6":"category-destaques","7":"category-municipios","8":"tag-porto-da-folha","9":"tag-sertao-de-sergipe","10":"tag-tres-mortos-2"},"_links":{"self":[{"href":"https:\/\/senoticias.com.br\/se\/wp-json\/wp\/v2\/posts\/140726"}],"collection":[{"href":"https:\/\/senoticias.com.br\/se\/wp-json\/wp\/v2\/posts"}],"about":[{"href":"https:\/\/senoticias.com.br\/se\/wp-json\/wp\/v2\/types\/post"}],"author":[{"embeddable":true,"href":"https:\/\/senoticias.com.br\/se\/wp-json\/wp\/v2\/users\/6557"}],"replies":[{"embeddable":true,"href":"https:\/\/senoticias.com.br\/se\/wp-json\/wp\/v2\/comments?post=140726"}],"version-history":[{"count":0,"href":"https:\/\/senoticias.com.br\/se\/wp-json\/wp\/v2\/posts\/140726\/revisions"}],"wp:attachment":[{"href":"https:\/\/senoticias.com.br\/se\/wp-json\/wp\/v2\/media?parent=140726"}],"wp:term":[{"taxonomy":"category","embeddable":true,"href":"https:\/\/senoticias.com.br\/se\/wp-json\/wp\/v2\/categories?post=140726"},{"taxonomy":"post_tag","embeddable":true,"href":"https:\/\/senoticias.com.br\/se\/wp-json\/wp\/v2\/tags?post=140726"}],"curies":[{"name":"wp","href":"https:\/\/api.w.org\/{rel}","templated":true}]}}