{"id":140692,"date":"2024-01-07T15:47:29","date_gmt":"2024-01-07T18:47:29","guid":{"rendered":"https:\/\/senoticias.com.br\/se\/?p=140692"},"modified":"2024-01-07T16:44:04","modified_gmt":"2024-01-07T19:44:04","slug":"ciclista-morre-apos-colisao-com-veiculo-na-rodovia-se-240-entre-moita-bonita-e-ribeiropolis","status":"publish","type":"post","link":"https:\/\/senoticias.com.br\/se\/ciclista-morre-apos-colisao-com-veiculo-na-rodovia-se-240-entre-moita-bonita-e-ribeiropolis\/","title":{"rendered":"Ciclista morre ap\u00f3s ser atingido por carro na Rodovia SE-240 entre Moita Bonita e Ribeir\u00f3polis"},"content":{"rendered":"\n<p>Um ciclista identificado como<strong> Gabriel Menezes de Souza, de 26 anos, morreu ap\u00f3s se envolver em um acidente com um ve\u00edculo \u00e0s 7h30 da manh\u00e3 deste domingo, 7<\/strong>, na rodovia SE-240 entre os munic\u00edpios de Moita Bonita e o Povoado Serra do Machado em Ribeir\u00f3polis.  A informa\u00e7\u00e3o foi confirmada pelo comandante do Batalh\u00e3o de Pol\u00edcia Rodovi\u00e1ria Estadual (BPRv), major Silveira.<\/p>\n\n\n\n<figure class=\"wp-block-image size-large\"><img loading=\"lazy\" decoding=\"async\" width=\"581\" height=\"552\" src=\"https:\/\/senoticias.com.br\/se\/wp-content\/uploads\/2024\/01\/Ciclista-morre-SE-Noticisas.jpg\" alt=\"\" class=\"wp-image-140693\" srcset=\"https:\/\/senoticias.com.br\/se\/wp-content\/uploads\/2024\/01\/Ciclista-morre-SE-Noticisas.jpg 581w, https:\/\/senoticias.com.br\/se\/wp-content\/uploads\/2024\/01\/Ciclista-morre-SE-Noticisas-300x285.jpg 300w\" sizes=\"(max-width: 581px) 100vw, 581px\" \/><figcaption>Gabriel Menezes tinha 26 anos \u2014 Foto: BPRv<\/figcaption><\/figure>\n\n\n\n<p>De acordo com informa\u00e7\u00f5es obtidas pelo pela reportagem do Portal SE Not\u00edcias, o ciclista transitava na rodovia SE-240, quando a bicicleta dele foi atingida lateralmente por um Chevrolet Corsa Sedan. Com o impacto, Gabriel Menezes foi arremessado para o acostamento. Ele morreu no local.<\/p>\n\n\n\n<p>Segundo a BPRV, ap\u00f3s o motorista n\u00e3o ser encontrado no local do acidente, o delegado respons\u00e1vel pelo caso solicitou que uma guarni\u00e7\u00e3o fosse \u00e0 casa do condutor e no local foi realizado o teste de baf\u00f4metro, que deu negativo.<\/p>\n\n\n\n<p><\/p>\n\n\n\n<p><strong><em>Acompanhe tamb\u00e9m o SE Not\u00edcias no\u00a0<a rel=\"noreferrer noopener\" href=\"https:\/\/twitter.com\/Senoticias\" target=\"_blank\">Twitter<\/a>,\u00a0<a rel=\"noreferrer noopener\" href=\"https:\/\/www.facebook.com\/senoticias1\" target=\"_blank\">Facebook<\/a>\u00a0e no\u00a0<a rel=\"noreferrer noopener\" href=\"https:\/\/www.instagram.com\/senoticias\/\" target=\"_blank\">Instagram<\/a><\/em><\/strong><\/p>\n\n\n\n<p><em>Reda\u00e7\u00e3o SE Not\u00edcias, com informa\u00e7\u00f5es da BPRV<\/em><\/p>\n","protected":false},"excerpt":{"rendered":"<p>Um ciclista identificado como Gabriel Menezes de Souza, de 26 anos, morreu ap\u00f3s se envolver em um acidente com um ve\u00edculo \u00e0s 7h30 da manh\u00e3 deste domingo, 7, na rodovia SE-240 entre os munic\u00edpios de Moita Bonita e o Povoado Serra do Machado em Ribeir\u00f3polis. A informa\u00e7\u00e3o foi confirmada pelo comandante do Batalh\u00e3o de Pol\u00edcia [&hellip;]<\/p>\n","protected":false},"author":6557,"featured_media":0,"comment_status":"closed","ping_status":"closed","sticky":false,"template":"","format":"standard","meta":{"footnotes":""},"categories":[15,7,1],"tags":[13687,804,6202,40893],"class_list":{"0":"post-140692","1":"post","2":"type-post","3":"status-publish","4":"format-standard","6":"category-destaques","7":"category-policia","8":"category-sem-categoria","9":"tag-ciclista-morre","10":"tag-moita-bonita","11":"tag-ribeiropolis","12":"tag-serra-do-machado"},"_links":{"self":[{"href":"https:\/\/senoticias.com.br\/se\/wp-json\/wp\/v2\/posts\/140692"}],"collection":[{"href":"https:\/\/senoticias.com.br\/se\/wp-json\/wp\/v2\/posts"}],"about":[{"href":"https:\/\/senoticias.com.br\/se\/wp-json\/wp\/v2\/types\/post"}],"author":[{"embeddable":true,"href":"https:\/\/senoticias.com.br\/se\/wp-json\/wp\/v2\/users\/6557"}],"replies":[{"embeddable":true,"href":"https:\/\/senoticias.com.br\/se\/wp-json\/wp\/v2\/comments?post=140692"}],"version-history":[{"count":0,"href":"https:\/\/senoticias.com.br\/se\/wp-json\/wp\/v2\/posts\/140692\/revisions"}],"wp:attachment":[{"href":"https:\/\/senoticias.com.br\/se\/wp-json\/wp\/v2\/media?parent=140692"}],"wp:term":[{"taxonomy":"category","embeddable":true,"href":"https:\/\/senoticias.com.br\/se\/wp-json\/wp\/v2\/categories?post=140692"},{"taxonomy":"post_tag","embeddable":true,"href":"https:\/\/senoticias.com.br\/se\/wp-json\/wp\/v2\/tags?post=140692"}],"curies":[{"name":"wp","href":"https:\/\/api.w.org\/{rel}","templated":true}]}}