{"id":140668,"date":"2024-01-05T11:08:57","date_gmt":"2024-01-05T14:08:57","guid":{"rendered":"https:\/\/senoticias.com.br\/se\/?p=140668"},"modified":"2024-01-05T11:09:07","modified_gmt":"2024-01-05T14:09:07","slug":"morre-sexta-vitima-de-desabamento-apos-explosao-em-residencial-de-aracaju","status":"publish","type":"post","link":"https:\/\/senoticias.com.br\/se\/morre-sexta-vitima-de-desabamento-apos-explosao-em-residencial-de-aracaju\/","title":{"rendered":"Morre sexta v\u00edtima de desabamento ap\u00f3s explos\u00e3o em residencial de Aracaju"},"content":{"rendered":"\n<p>Morreu na tarde desta quinta-feira (4), Carlos Alberto de Santana, de 70 anos, v\u00edtima do desabamento de um residencial ap\u00f3s uma explos\u00e3o, ocorrida no \u00faltimo domingo, em Aracaju. Outras cinco pessoas tamb\u00e9m morreram e 13 ficaram feridas.<\/p>\n\n\n\n<figure class=\"wp-block-image size-large\"><img loading=\"lazy\" decoding=\"async\" width=\"599\" height=\"403\" src=\"https:\/\/senoticias.com.br\/se\/wp-content\/uploads\/2024\/01\/WhatsApp-Image-2024-01-05-at-10.25.20.jpeg\" alt=\"\" class=\"wp-image-140669\" srcset=\"https:\/\/senoticias.com.br\/se\/wp-content\/uploads\/2024\/01\/WhatsApp-Image-2024-01-05-at-10.25.20.jpeg 599w, https:\/\/senoticias.com.br\/se\/wp-content\/uploads\/2024\/01\/WhatsApp-Image-2024-01-05-at-10.25.20-300x202.jpeg 300w, https:\/\/senoticias.com.br\/se\/wp-content\/uploads\/2024\/01\/WhatsApp-Image-2024-01-05-at-10.25.20-90x60.jpeg 90w, https:\/\/senoticias.com.br\/se\/wp-content\/uploads\/2024\/01\/WhatsApp-Image-2024-01-05-at-10.25.20-180x120.jpeg 180w, https:\/\/senoticias.com.br\/se\/wp-content\/uploads\/2024\/01\/WhatsApp-Image-2024-01-05-at-10.25.20-95x64.jpeg 95w\" sizes=\"(max-width: 599px) 100vw, 599px\" \/><figcaption>Morre a sexta v\u00edtma da explos\u00e3o em Aracaju \u2014 Foto: Redes Sociais\/ Reprodu\u00e7\u00e3o<\/figcaption><\/figure>\n\n\n\n<p>Segundo o Hospital de Urg\u00eancia de Sergipe (Huse), ele havia tido 90% do corpo queimado durante a ocorr\u00eancia.<\/p>\n\n\n\n<p>Em nota, a Secretaria de Estado da Sa\u00fade (SES) informou que o idoso chegou ao hospital entubado, e foi encaminhado ao centro cir\u00fargico. Em seguida, foi admitido na Unidade de Tratamento de Queimados (UTQ), seguindo internado at\u00e9 esta quinta-feira. Ainda n\u00e3o h\u00e1 informa\u00e7\u00f5es sobre o vel\u00f3rio e sepultamento.<\/p>\n\n\n\n<p>A suspeita inicial \u00e9 de que a explos\u00e3o tenha sido provocada pelo vazamento de g\u00e1s de um botij\u00e3o no 1\u00ba pavimento da edifica\u00e7\u00e3o de dois andares, que abrigava 44 apartamentos e fica no fundo de uma resid\u00eancia.<\/p>\n\n\n\n<p>Ainda de acordo com os bombeiros, a edifica\u00e7\u00e3o n\u00e3o era regularizada pela institui\u00e7\u00e3o. 40 fam\u00edlias ficaram desalojadas e est\u00e3o na casa de parentes. Duas est\u00e3o sendo assistidas pela Secretaria de Assist\u00eancia Social de Aracaju.<\/p>\n\n\n\n<p><strong>Outros mortos<\/strong><\/p>\n\n\n\n<p>O casal Isla Solimar Batista Santos e Weslly Andr\u00e9 Santos, de 20 anos, morava no local h\u00e1 quase dois anos. Eles foram sepultados juntos na cidade de Japoat\u00e3, nesta segunda-feira (1\u00ba). O corpo da terceira v\u00edtima identificado como Guilherme Alves de Souza, foi sepultado na cidade de Aquidab\u00e3. Ele morava no residencial com a esposa, que n\u00e3o estava no local no momento do desabamento. A quarta v\u00edtima foi identificada como Ana Cristina dos Santos, de 51 anos. J\u00e1 a quinta v\u00edtima foi o idoso Jos\u00e9 dos Santos, de 65 anos.<\/p>\n\n\n\n<p><strong>Investiga\u00e7\u00e3o<\/strong><\/p>\n\n\n\n<p>A Secretaria de Seguran\u00e7a P\u00fablica de Sergipe (SSP) informou que um inqu\u00e9rito foi instaurado para investigar o caso. Testemunhas j\u00e1 est\u00e3o sendo ouvidas para esclarecer o que motivou a explos\u00e3o e o desabamento da estrutura. Os respons\u00e1veis podem responder por homic\u00eddio culposo, quando n\u00e3o h\u00e1 inten\u00e7\u00e3o de matar.<\/p>\n\n\n\n<p><strong><em>Acompanhe tamb\u00e9m o SE Not\u00edcias no&nbsp;<a rel=\"noreferrer noopener\" href=\"https:\/\/twitter.com\/Senoticias\" target=\"_blank\">Twitter<\/a>,&nbsp;<a rel=\"noreferrer noopener\" href=\"https:\/\/www.facebook.com\/senoticias1\" target=\"_blank\">Facebook<\/a>&nbsp;e no&nbsp;<a rel=\"noreferrer noopener\" href=\"https:\/\/www.instagram.com\/senoticias\/\" target=\"_blank\">Instagram<\/a><\/em><\/strong><\/p>\n\n\n\n<p><\/p>\n","protected":false},"excerpt":{"rendered":"<p>Morreu na tarde desta quinta-feira (4), Carlos Alberto de Santana, de 70 anos, v\u00edtima do desabamento de um residencial ap\u00f3s uma explos\u00e3o, ocorrida no \u00faltimo domingo, em Aracaju. Outras cinco pessoas tamb\u00e9m morreram e 13 ficaram feridas. Segundo o Hospital de Urg\u00eancia de Sergipe (Huse), ele havia tido 90% do corpo queimado durante a ocorr\u00eancia. [&hellip;]<\/p>\n","protected":false},"author":6557,"featured_media":0,"comment_status":"closed","ping_status":"closed","sticky":false,"template":"","format":"standard","meta":{"footnotes":""},"categories":[15],"tags":[319,4479,558],"class_list":{"0":"post-140668","1":"post","2":"type-post","3":"status-publish","4":"format-standard","6":"category-destaques","7":"tag-huse","8":"tag-samu","9":"tag-ses"},"_links":{"self":[{"href":"https:\/\/senoticias.com.br\/se\/wp-json\/wp\/v2\/posts\/140668"}],"collection":[{"href":"https:\/\/senoticias.com.br\/se\/wp-json\/wp\/v2\/posts"}],"about":[{"href":"https:\/\/senoticias.com.br\/se\/wp-json\/wp\/v2\/types\/post"}],"author":[{"embeddable":true,"href":"https:\/\/senoticias.com.br\/se\/wp-json\/wp\/v2\/users\/6557"}],"replies":[{"embeddable":true,"href":"https:\/\/senoticias.com.br\/se\/wp-json\/wp\/v2\/comments?post=140668"}],"version-history":[{"count":0,"href":"https:\/\/senoticias.com.br\/se\/wp-json\/wp\/v2\/posts\/140668\/revisions"}],"wp:attachment":[{"href":"https:\/\/senoticias.com.br\/se\/wp-json\/wp\/v2\/media?parent=140668"}],"wp:term":[{"taxonomy":"category","embeddable":true,"href":"https:\/\/senoticias.com.br\/se\/wp-json\/wp\/v2\/categories?post=140668"},{"taxonomy":"post_tag","embeddable":true,"href":"https:\/\/senoticias.com.br\/se\/wp-json\/wp\/v2\/tags?post=140668"}],"curies":[{"name":"wp","href":"https:\/\/api.w.org\/{rel}","templated":true}]}}