{"id":140659,"date":"2024-01-04T12:21:08","date_gmt":"2024-01-04T15:21:08","guid":{"rendered":"https:\/\/senoticias.com.br\/se\/?p=140659"},"modified":"2024-01-04T12:52:23","modified_gmt":"2024-01-04T15:52:23","slug":"abastecimento-de-agua-em-localidades-de-aracaju-barra-dos-coqueiros-e-nossa-senhora-do-socorro-sera-afetado-na-tarde-desta-quinta-feira","status":"publish","type":"post","link":"https:\/\/senoticias.com.br\/se\/abastecimento-de-agua-em-localidades-de-aracaju-barra-dos-coqueiros-e-nossa-senhora-do-socorro-sera-afetado-na-tarde-desta-quinta-feira\/","title":{"rendered":"Abastecimento de \u00c1gua em localidades de Aracaju, Barra dos Coqueiros e Nossa Senhora do Socorro ser\u00e1 afetado na tarde desta quinta-feira"},"content":{"rendered":"\n<p><\/p>\n\n\n\n<p>A Companhia de Sergipe (Deso) informa que nesta quinta-feira, 4, das 13h \u00e0s 18h, o abastecimento do reservat\u00f3rio R-8 e R-2 ser\u00e1 interrompido, devido a uma manuten\u00e7\u00e3o da rede el\u00e9trica da Esta\u00e7\u00e3o de Tratamento de \u00c1gua Jo\u00e3o Ednaldo, localizada em Nossa Senhora do Socorro. A medida afetar\u00e1 os seguintes bairros, nos munic\u00edpios de Aracaju, Barra dos Coqueiros e Nossa Senhora do Socorro:<\/p>\n\n\n\n<figure class=\"wp-block-image size-large\"><img loading=\"lazy\" decoding=\"async\" width=\"599\" height=\"400\" src=\"https:\/\/senoticias.com.br\/se\/wp-content\/uploads\/2017\/08\/aguas_fotos_sergio_silva_44_copia-e1501873223171.jpg\" alt=\"\" class=\"wp-image-105442\"\/><figcaption>A previs\u00e3o \u00e9 de restabelecimento gradativo do abastecimento com a conclus\u00e3o dos servi\u00e7os, ap\u00f3s as 18 horas de hoje &#8211; Foto: Sergio Silva\/arquivo<\/figcaption><\/figure>\n\n\n\n<p>Conjunto Jardim, Palestina, Parque dos Far\u00f3is, Pai Andr\u00e9, Guajar\u00e1, Nova Palestina, Santo In\u00e1cio, Rosa de Maio e Sobrado (Nossa Senhora do Socorro), 18 do Forte, Santos Dumont, Cidade Nova, Cirurgia, Suissa, Centro, Get\u00falio Vargas, Lamar\u00e3o, Soledade, Porto Dantas, Jap\u00e3ozinho, Santo Ant\u00f4nio (Aracaju), Dom Luciano, Atalaia Nova e Barra dos Coqueiros.<\/p>\n\n\n\n<p>A previs\u00e3o \u00e9 de restabelecimento gradativo do abastecimento com a conclus\u00e3o dos servi\u00e7os, ap\u00f3s as 18 horas de hoje, diante da recupera\u00e7\u00e3o dos reservat\u00f3rios. Se os servi\u00e7os forem conclu\u00eddos antes do previsto, o abastecimento ser\u00e1 retomado sem outro aviso.<\/p>\n\n\n\n<p>A Deso recomenda a utiliza\u00e7\u00e3o consciente e econ\u00f4mica da \u00e1gua existente nas caixas d\u2019\u00e1gua e reservat\u00f3rios residenciais.<\/p>\n\n\n\n<p>Casos de emerg\u00eancia e pedidos de servi\u00e7os podem ser informados pelo telefone <strong>08000790195<\/strong>, com prioridade para creches, hospitais, asilos e demais entidades dessa natureza.<\/p>\n\n\n\n<p><strong><em>Acompanhe tamb\u00e9m o SE Not\u00edcias no\u00a0<a rel=\"noreferrer noopener\" href=\"https:\/\/twitter.com\/Senoticias\" target=\"_blank\">Twitter<\/a>,\u00a0<a rel=\"noreferrer noopener\" href=\"https:\/\/www.facebook.com\/senoticias1\" target=\"_blank\">Facebook<\/a>\u00a0e no\u00a0<a rel=\"noreferrer noopener\" href=\"https:\/\/www.instagram.com\/senoticias\/\" target=\"_blank\">Instagram<\/a><\/em><\/strong><\/p>\n\n\n\n<p><em>Ag\u00eancia Sergipe de Not\u00edcias<\/em><\/p>\n","protected":false},"excerpt":{"rendered":"<p>A Companhia de Sergipe (Deso) informa que nesta quinta-feira, 4, das 13h \u00e0s 18h, o abastecimento do reservat\u00f3rio R-8 e R-2 ser\u00e1 interrompido, devido a uma manuten\u00e7\u00e3o da rede el\u00e9trica da Esta\u00e7\u00e3o de Tratamento de \u00c1gua Jo\u00e3o Ednaldo, localizada em Nossa Senhora do Socorro. A medida afetar\u00e1 os seguintes bairros, nos munic\u00edpios de Aracaju, Barra [&hellip;]<\/p>\n","protected":false},"author":6552,"featured_media":0,"comment_status":"closed","ping_status":"closed","sticky":false,"template":"","format":"standard","meta":{"footnotes":""},"categories":[15,6],"tags":[3855,6674,3141,208,2650],"class_list":{"0":"post-140659","1":"post","2":"type-post","3":"status-publish","4":"format-standard","6":"category-destaques","7":"category-politica","8":"tag-abastecimento","9":"tag-abastecimento-de-agua","10":"tag-barra-dos-coqueiros","11":"tag-deso","12":"tag-nossa-senhora-do-socorro"},"_links":{"self":[{"href":"https:\/\/senoticias.com.br\/se\/wp-json\/wp\/v2\/posts\/140659"}],"collection":[{"href":"https:\/\/senoticias.com.br\/se\/wp-json\/wp\/v2\/posts"}],"about":[{"href":"https:\/\/senoticias.com.br\/se\/wp-json\/wp\/v2\/types\/post"}],"author":[{"embeddable":true,"href":"https:\/\/senoticias.com.br\/se\/wp-json\/wp\/v2\/users\/6552"}],"replies":[{"embeddable":true,"href":"https:\/\/senoticias.com.br\/se\/wp-json\/wp\/v2\/comments?post=140659"}],"version-history":[{"count":0,"href":"https:\/\/senoticias.com.br\/se\/wp-json\/wp\/v2\/posts\/140659\/revisions"}],"wp:attachment":[{"href":"https:\/\/senoticias.com.br\/se\/wp-json\/wp\/v2\/media?parent=140659"}],"wp:term":[{"taxonomy":"category","embeddable":true,"href":"https:\/\/senoticias.com.br\/se\/wp-json\/wp\/v2\/categories?post=140659"},{"taxonomy":"post_tag","embeddable":true,"href":"https:\/\/senoticias.com.br\/se\/wp-json\/wp\/v2\/tags?post=140659"}],"curies":[{"name":"wp","href":"https:\/\/api.w.org\/{rel}","templated":true}]}}